{"id":8648,"date":"2005-10-10T07:45:21","date_gmt":"2005-10-10T05:45:21","guid":{"rendered":"http:\/\/niecodziennosc.kubic.info\/index.php\/2005\/10\/10\/dlaczego-brak-pretekstu\/"},"modified":"2005-10-10T07:45:21","modified_gmt":"2005-10-10T05:45:21","slug":"dlaczego-brak-pretekstu","status":"publish","type":"post","link":"http:\/\/niecodziennosc.kubic.info\/?p=8648","title":{"rendered":"Dlaczego &#8211; brak pretekstu?"},"content":{"rendered":"<p><font size=\"2\">Od ostatniego wpisu zastanawiam si\u0119 intensywniej w\u0142a\u015bnie nad tym, co w nim napisa\u0142em. By\u0107 mo\u017ce w\u0142a\u015bnie dlatego, \u017ce wyartyku\u0142owanie pewnych problem\u00f3w u\u0142atwia inne na nich spojrzenie&#8230;<\/p>\n<p>Czego powodem jest zamarcie, cho\u0107by na chwil\u0119, mo\u017cliwo\u015bci refleksji nad \u017cyciem&#8230;? Seria drobnych sukces\u00f3w w pracy&#8230;? Drobnych, ale posuwaj\u0105cych histori\u0119 (moj\u0105 histori\u0119) do przodu, sprawiaj\u0105cych, \u017ce do starego my\u015blenia, dzia\u0142ania, do poprzedniej mojej pozycji w tzw. <span style=\"font-weight: bold;\">otoczeniu <\/span>(environment) nie b\u0119dzie ju\u017c, na szcz\u0119\u015bcie, powrotu. Lepsze zorganizowanie si\u0119, kt\u00f3re owocuje wi\u0119kszym spokojem, stabilno\u015bci\u0105 emocjonaln\u0105. <\/p>\n<p>A jednak &#8211; chwil, w kt\u00f3rych rodz\u0105 si\u0119 refleksje, nie mo\u017cna do ko\u0144ca zorganizowa\u0107. S\u0105 efektem tzw. tracenia czasu &#8211; moment\u00f3w, w kt\u00f3rych umys\u0142 mo\u017ce wyrwa\u0107 si\u0119 spod nawet idealnie dzia\u0142aj\u0105cego kieratu. <\/p>\n<p>Jest poniedzia\u0142ek, rozpoczynam nowy tydzie\u0144, a w zasadzie nie zako\u0144czy\u0142em poprzedniego. Bo koniec czego\u015b, cho\u0107by tygodnia, powinien obj\u0105\u0107 tak\u017ce w\u0142a\u015bnie pewne podsumowanie, chwil\u0119 refleksji i oderwania si\u0119 od tego, co zajmowa\u0142o g\u0142ow\u0119. Pracuj\u0105c, cho\u0107by tylko wieczorami, w sobot\u0119 i w niedziel\u0119, trudno by\u0142o si\u0119 od tej pracy oderwa\u0107. <\/p>\n<p>A mo\u017ce jednak znalaz\u0142oby si\u0119 co\u015b &#8211; jaka\u015b namiastka podsumowania? Przeczytajcie nast\u0119pn\u0105 notk\u0119 \ud83d\ude09<br \/><\/font><\/p>\n","protected":false},"excerpt":{"rendered":"<p><font size=\"2\">Od &#8230;<\/p>\n","protected":false},"author":1,"featured_media":0,"comment_status":"open","ping_status":"open","sticky":false,"template":"","format":"standard","meta":{"footnotes":""},"categories":[50],"tags":[],"_links":{"self":[{"href":"http:\/\/niecodziennosc.kubic.info\/index.php?rest_route=\/wp\/v2\/posts\/8648"}],"collection":[{"href":"http:\/\/niecodziennosc.kubic.info\/index.php?rest_route=\/wp\/v2\/posts"}],"about":[{"href":"http:\/\/niecodziennosc.kubic.info\/index.php?rest_route=\/wp\/v2\/types\/post"}],"author":[{"embeddable":true,"href":"http:\/\/niecodziennosc.kubic.info\/index.php?rest_route=\/wp\/v2\/users\/1"}],"replies":[{"embeddable":true,"href":"http:\/\/niecodziennosc.kubic.info\/index.php?rest_route=%2Fwp%2Fv2%2Fcomments&post=8648"}],"version-history":[{"count":0,"href":"http:\/\/niecodziennosc.kubic.info\/index.php?rest_route=\/wp\/v2\/posts\/8648\/revisions"}],"wp:attachment":[{"href":"http:\/\/niecodziennosc.kubic.info\/index.php?rest_route=%2Fwp%2Fv2%2Fmedia&parent=8648"}],"wp:term":[{"taxonomy":"category","embeddable":true,"href":"http:\/\/niecodziennosc.kubic.info\/index.php?rest_route=%2Fwp%2Fv2%2Fcategories&post=8648"},{"taxonomy":"post_tag","embeddable":true,"href":"http:\/\/niecodziennosc.kubic.info\/index.php?rest_route=%2Fwp%2Fv2%2Ftags&post=8648"}],"curies":[{"name":"wp","href":"https:\/\/api.w.org\/{rel}","templated":true}]}}