{"id":8652,"date":"2005-09-24T19:54:16","date_gmt":"2005-09-24T17:54:16","guid":{"rendered":"http:\/\/niecodziennosc.kubic.info\/index.php\/2005\/09\/24\/dzien-w-ktorym-przyszla-jesien\/"},"modified":"2005-09-24T19:54:16","modified_gmt":"2005-09-24T17:54:16","slug":"dzien-w-ktorym-przyszla-jesien","status":"publish","type":"post","link":"http:\/\/niecodziennosc.kubic.info\/?p=8652","title":{"rendered":"Dzie\u0144, w kt\u00f3rym przysz\u0142a jesie\u0144"},"content":{"rendered":"<p><font size=\"2\">Jesie\u0144 nadesz\u0142a kilka dni temu. Trudno tak jednoznacznie opisa\u0107, po czym mo\u017cna j\u0105 pozna\u0107. Pewnie kto\u015b powie, \u017ce pory roku przechodz\u0105 jedne w drugie bez wyra\u017anych moment\u00f3w prze\u0142omowych. A jednak &#8211; wychodz\u0105c pewnego ranka z domu ju\u017c wiesz &#8211; \u017ce nadesz\u0142a jesie\u0144. To kwestia pierwszego ch\u0142odu, pary wydobywaj\u0105cej si\u0119 z ust, cho\u0107 jeszcze przecie\u017c nie tak zimno. Ale jeszcze bardziej &#8211; to kwestia zapachu, wyra\u017anie innego, przybywaj\u0105cego gdzie\u015b z daleka, zapachu kt\u00f3ry w mgnieniu oka przywo\u0142uje pe\u0142en zestaw skojarze\u0144. <\/p>\n<p>To dni w szkole przy instrumencie, to zbli\u017caj\u0105cy si\u0119 nowy semestr na studiach, wraz z poprawkow\u0105 sesj\u0105. To b\u00f3j ponownego przesiadywania w audytoryjnych salach, i jeszcze wi\u0119kszy &#8211; na \u0107wiczeniach i laboratoriach, w przerabianiu materia\u0142u, kt\u00f3ry nie wiadomo po co i dlaczego. To wyrywanie si\u0119 po zaj\u0119ciach do pierwszego lepszego autobusu i jazda do ko\u0144ca linii, byle dalej &#8211; od poczucia obowi\u0105zk\u00f3w. <\/p>\n<p>Jesie\u0144 to zauroczenia prze\u017cywane w coraz zimniejszej atmosferze Krakowa, to szalone noce na rowerze o drugiej nad ranem na Rynku. To coraz bardziej nieruchomiej\u0105ce t\u0119sknoty za wolnym latem. To kurs \u017ceglarski, stawianie maszt\u00f3w, wi\u0105zanie lin, klarowanie \u017cagli. Ciche chwile w parku, wraz z cichn\u0105cymi drzewami. <\/p>\n<p>Jesie\u0144 &#8211; to dzi\u015b &#8211; nasza wyprawa na pola w tr\u00f3jk\u0119. \u015aciernisko, przesch\u0142e ju\u017c trawy, osty. To przemierzaj\u0105ce z wiatrem nitki &#8211; wraz z ich tw\u00f3rcami &#8211; paj\u0105kami. Wyl\u0105dowa\u0142 na nosie Sary. <\/p>\n<p>Sto razy wol\u0119 prac\u0119 od szko\u0142y. Wiem, co robi\u0119, po co i dlaczego. Widz\u0119 efekt &#8211; co\u015b komu\u015b s\u0142u\u017cy, kto\u015b si\u0119 cieszy. Od kilku lat pisz\u0119 na nowo histori\u0119 moich jesieni &#8211; teraz bez zniecierpliwienia i ucieczki. Troch\u0119 bardziej \u015bwiadomie. <br \/><\/font><\/p>\n","protected":false},"excerpt":{"rendered":"<p><font size=\"2\">Jesie\u0144 &#8230;<\/p>\n","protected":false},"author":1,"featured_media":0,"comment_status":"open","ping_status":"open","sticky":false,"template":"","format":"standard","meta":{"footnotes":""},"categories":[27],"tags":[],"_links":{"self":[{"href":"http:\/\/niecodziennosc.kubic.info\/index.php?rest_route=\/wp\/v2\/posts\/8652"}],"collection":[{"href":"http:\/\/niecodziennosc.kubic.info\/index.php?rest_route=\/wp\/v2\/posts"}],"about":[{"href":"http:\/\/niecodziennosc.kubic.info\/index.php?rest_route=\/wp\/v2\/types\/post"}],"author":[{"embeddable":true,"href":"http:\/\/niecodziennosc.kubic.info\/index.php?rest_route=\/wp\/v2\/users\/1"}],"replies":[{"embeddable":true,"href":"http:\/\/niecodziennosc.kubic.info\/index.php?rest_route=%2Fwp%2Fv2%2Fcomments&post=8652"}],"version-history":[{"count":0,"href":"http:\/\/niecodziennosc.kubic.info\/index.php?rest_route=\/wp\/v2\/posts\/8652\/revisions"}],"wp:attachment":[{"href":"http:\/\/niecodziennosc.kubic.info\/index.php?rest_route=%2Fwp%2Fv2%2Fmedia&parent=8652"}],"wp:term":[{"taxonomy":"category","embeddable":true,"href":"http:\/\/niecodziennosc.kubic.info\/index.php?rest_route=%2Fwp%2Fv2%2Fcategories&post=8652"},{"taxonomy":"post_tag","embeddable":true,"href":"http:\/\/niecodziennosc.kubic.info\/index.php?rest_route=%2Fwp%2Fv2%2Ftags&post=8652"}],"curies":[{"name":"wp","href":"https:\/\/api.w.org\/{rel}","templated":true}]}}