{"id":8658,"date":"2005-09-05T00:17:31","date_gmt":"2005-09-04T22:17:31","guid":{"rendered":"http:\/\/niecodziennosc.kubic.info\/index.php\/2005\/09\/05\/cud-pamieci\/"},"modified":"2005-09-05T00:17:31","modified_gmt":"2005-09-04T22:17:31","slug":"cud-pamieci","status":"publish","type":"post","link":"http:\/\/niecodziennosc.kubic.info\/?p=8658","title":{"rendered":"Cud pami\u0119ci"},"content":{"rendered":"<p><font size=\"2\">Ponad trzydzie\u015bci lat temu le\u017ca\u0142em w pokoju mojej babci. Mama, wychodz\u0105c do pracy, zostawia\u0142a kilkumiesi\u0119czne niemowl\u0119, wraz z pakietem pieluch, razem z babci\u0105. Babcia w tym czasie chorowa\u0142a, i z powodu \u017cylak\u00f3w musia\u0142a sp\u0119dza\u0107 wi\u0119kszo\u015b\u0107 czasu w \u0142\u00f3\u017cku. Podobno le\u017celi\u015bmy obok siebie, na szerokim tapczanie. Nie pami\u0119tam tego, zreszt\u0105 to nic dziwnego. Dopiero niedawno us\u0142ysza\u0142em t\u0119 histori\u0119. <\/p>\n<p>Niemowl\u0119, kt\u00f3rego \u015bwiadomo\u015b\u0107 jeszcze nie zacz\u0119\u0142a si\u0119 rodzi\u0107. <\/p>\n<p>Dzisiaj by\u0142em w szpitalu, przy babci. Lecz tym razem, to ona &#8211; ledwo patrz\u0105c (na mnie, nie na mnie?) &#8211; pogr\u0105\u017cona w niezbadanej przestrzeni &#8211; ju\u017c niepami\u0119ci? Nie\u015bwiadomo\u015bci? Ja, ludzka istota w sile mojego wieku &#8211; tak, jak ona, ponad trzydzie\u015bci lat temu. Patrzy\u0142a na mnie, i pewnie zastanawia\u0142a si\u0119 nad moj\u0105 przysz\u0142o\u015bci\u0105, tak jak ja dzisiaj my\u015bl\u0119 z oczekiwaniem o przysz\u0142o\u015bci mojej c\u00f3rki. Zobaczy\u0142a moj\u0105 przysz\u0142o\u015b\u0107. Widzia\u0142a swoj\u0105 prawnuczk\u0119. <\/p>\n<p>Dzisiaj &#8211; to ja mog\u0119 wspomnie\u0107 jej przesz\u0142o\u015b\u0107, ona ju\u017c tego nie zrobi.<\/p>\n<p>Role w \u017cyciu zmieniaj\u0105 si\u0119. Cz\u0142owiek wy\u0142ania si\u0119 z nieopisanej otch\u0142ani i pogr\u0105\u017ca si\u0119 w niej z powrotem. Na co przeznaczy tych kilkadziesi\u0105t lat swojej \u015bwiadomo\u015bci&#8230;?<\/p>\n<p>Serce zaczyna mocno wali\u0107, gdy wspomn\u0119 te gor\u0105ce lata, zapach topniej\u0105cego \u015bniegu i odmarzaj\u0105cej ziemi, wo\u0144 powietrza z halnego wiatru, eksplozj\u0119 wiosny, z nieokie\u0142znan\u0105 rado\u015bci\u0105 szturmuj\u0105cej ziemi\u0119, nie przejmuj\u0105cej si\u0119 tym, \u017ce wraz z \u017c\u00f3\u0142kn\u0105cymi, czerwieni\u0105cymi i opadaj\u0105cymi li\u015b\u0107mi jesieni wr\u00f3ci tam, sk\u0105d przysz\u0142a. Serce bije gdy wspominam j\u0105, babci\u0119, nieod\u0142\u0105czn\u0105 cz\u0119\u015b\u0107 moich najpi\u0119kniejszych wspomnie\u0144, cz\u0119\u015b\u0107 mnie samego. Rozpoznaj\u0119 w sobie te same ruchy r\u0119ki, to jej godne zamy\u015blenie, kt\u00f3re pr\u00f3bowa\u0142em na\u015bladowa\u0107. Gest pozosta\u0142 ten sam, gdy r\u0119ka zrywa si\u0119 nagle. Z zamy\u015blenia &#8211; tylko nik\u0142y \u015blad w wyrazie brwi &#8211; jedynej chyba cz\u0119\u015bci twarzy, kt\u00f3ra pozosta\u0142a taka, jak dawniej. Teraz &#8211; walcz\u0105, poprzez kurtyn\u0119 morfiny, z b\u00f3lem. <\/p>\n<p>Pozostaje nadzieja, \u017ce to, co prze\u017cyli\u015bmy, skarby, kt\u00f3re zachowali\u015bmy w pami\u0119ci, wszystko, co spotkali\u015bmy i czego nauczy\u0142o nas \u017cycie &#8211; nie by\u0142o bez sensu. <br \/><\/font><\/p>\n","protected":false},"excerpt":{"rendered":"<p><font size=\"2\">Ponad &#8230;<\/p>\n","protected":false},"author":1,"featured_media":0,"comment_status":"open","ping_status":"open","sticky":false,"template":"","format":"standard","meta":{"footnotes":""},"categories":[27],"tags":[],"_links":{"self":[{"href":"http:\/\/niecodziennosc.kubic.info\/index.php?rest_route=\/wp\/v2\/posts\/8658"}],"collection":[{"href":"http:\/\/niecodziennosc.kubic.info\/index.php?rest_route=\/wp\/v2\/posts"}],"about":[{"href":"http:\/\/niecodziennosc.kubic.info\/index.php?rest_route=\/wp\/v2\/types\/post"}],"author":[{"embeddable":true,"href":"http:\/\/niecodziennosc.kubic.info\/index.php?rest_route=\/wp\/v2\/users\/1"}],"replies":[{"embeddable":true,"href":"http:\/\/niecodziennosc.kubic.info\/index.php?rest_route=%2Fwp%2Fv2%2Fcomments&post=8658"}],"version-history":[{"count":0,"href":"http:\/\/niecodziennosc.kubic.info\/index.php?rest_route=\/wp\/v2\/posts\/8658\/revisions"}],"wp:attachment":[{"href":"http:\/\/niecodziennosc.kubic.info\/index.php?rest_route=%2Fwp%2Fv2%2Fmedia&parent=8658"}],"wp:term":[{"taxonomy":"category","embeddable":true,"href":"http:\/\/niecodziennosc.kubic.info\/index.php?rest_route=%2Fwp%2Fv2%2Fcategories&post=8658"},{"taxonomy":"post_tag","embeddable":true,"href":"http:\/\/niecodziennosc.kubic.info\/index.php?rest_route=%2Fwp%2Fv2%2Ftags&post=8658"}],"curies":[{"name":"wp","href":"https:\/\/api.w.org\/{rel}","templated":true}]}}