{"id":8661,"date":"2005-08-23T22:01:10","date_gmt":"2005-08-23T20:01:10","guid":{"rendered":"http:\/\/niecodziennosc.kubic.info\/index.php\/2005\/08\/23\/raj-nie-raj\/"},"modified":"2005-08-23T22:01:10","modified_gmt":"2005-08-23T20:01:10","slug":"raj-nie-raj","status":"publish","type":"post","link":"http:\/\/niecodziennosc.kubic.info\/?p=8661","title":{"rendered":"Raj &#8211; nie raj"},"content":{"rendered":"<p><font size=\"2\">Przypominam sobie m\u00f3j ostatni wpis o raju&#8230; Zamieszczony po p\u00f3\u0142nocy, ju\u017c popo\u0142udniu zmieni\u0142 swoj\u0105 barw\u0119 na ciemniejsz\u0105. Do szpitala odjecha\u0142a bardzo os\u0142abiona babcia, wywieziona z domu na w\u00f3zku inwalidzkim, przez w\u0105ski przedpok\u00f3j i korytarz domu wypudowanego po staro\u015bwiecku. Przez zakurzone podw\u00f3rko dotar\u0142a do samochodu, gdzie powoli usiad\u0142a na fotelu. Nie mog\u0142em przesta\u0107 my\u015ble\u0107 o tym, \u017ce du\u017cym prawdopodobie\u0144stwem jest to jej ostatnia podr\u00f3\u017c i \u017ce nie wr\u00f3ci. Nie wr\u00f3ci do tych prog\u00f3w, w kt\u00f3rych stawa\u0142a w upalne lato, wychylaj\u0105c g\u0142ow\u0119 przez ganek i wo\u0142aj\u0105c nas na obiad &#8211; w dwusylabowych s\u0142owach, z kt\u00f3rych pierwsza &#8211; brzmia\u0142a nisko, za\u015b druga wspina\u0142a si\u0119 w swojej tonacji tak wysoko, na ile babcia mog\u0142a jeszcze krzycze\u0107: Pio&#8212;tru\u015b!, Krzy&#8212;siu! Kryli\u015bmy si\u0119 w ja\u015bminach, krzakach agrestu, pomi\u0119dzy wysokimi wtedy jab\u0142oniami, rzucaj\u0105cymi rozleg\u0142y cie\u0144 na najbli\u017csz\u0105 domu cz\u0119\u015b\u0107 ogrodu, tu\u017c za stodo\u0142\u0105. <\/p>\n<p>Energiczna i zawsze z dystynkcj\u0105, godno\u015bci\u0105, nawet kiedy stawia\u0142a nas do kl\u0119czenia po k\u0105tach, albo przyk\u0142ada\u0142a &quot;dopolonych&quot; ch\u0142opak\u00f3w \u015bcierk\u0105 po plecach. Protestowali\u015bmy, gdy zabola\u0142o, ale w gruncie rzeczy mia\u0142a racj\u0119. <\/p>\n<p>T\u0119 godno\u015b\u0107 wida\u0107 do ostatnich chwil. Os\u0142abiona, pr\u00f3bowa\u0142a ukry\u0107 przede mn\u0105 chwile swojej niedyspozycji, niepami\u0119ci. Jeszcze niedawno w konspiracji przynosi\u0142em jej lody, kt\u00f3rych podobno nie powinna je\u015b\u0107&#8230; z kt\u00f3rych si\u0119 cieszy\u0142a. To babcia w du\u017cej cz\u0119\u015bci wychowa\u0142a mnie. Pami\u0119tam te lekcje, w zasadzie wyk\u0142ady o \u017cyciu, kt\u00f3rych udziela\u0142a, gdy przychodzili\u015bmy (m\u00f3j kuzyn i ja) na posi\u0142ki. Gotowa\u0142a dla ca\u0142ego domu, przez 15 lat mojego \u017cycia. W jej kuchni spotykali\u015bmy si\u0119 wszyscy &#8211; dziesi\u0119\u0107 os\u00f3b, trzy rodziny. Codziennie te same garnki, fajerki na w\u0119glowym piecu, skwiercz\u0105ce <\/font><font size=\"2\">pod ko\u0142ysz\u0105c\u0105 si\u0119 pokrywk\u0105 <\/font><font size=\"2\">ziemniaki (nie by\u0142o szybkowar\u00f3w). Nie wolno by\u0142o si\u0119 bawi\u0107 pogrzebaczem w popielniku, cho\u0107 czeka\u0142y tam na nas czerwieni\u0105ce si\u0119 drobniutkie w\u0119gle. Nawet gdy narzeka\u0142a na ci\u0119\u017car \u017cycia, niepos\u0142usznych ch\u0142opak\u00f3w, nie traci\u0142a dystynkcji i godno\u015bci. <\/p>\n<p>Nie straci\u0142a jej r\u00f3wnie\u017c odje\u017cd\u017caj\u0105c do szpitala. U\u015bmiecha\u0142a si\u0119 machaj\u0105c r\u0119k\u0105, nagle o\u017cywiona, do gromadki dzieci, wnuk\u00f3w i ich rodzin, do prawnuczki. Kilka godzin wcze\u015bniej spotka\u0142em j\u0105 na ganku &#8211; mia\u0142a smutn\u0105 i zm\u0119czon\u0105 twarz. Kiedy spojrza\u0142em jej w oczy usmiechn\u0119\u0142a si\u0119 z wysi\u0142kiem, ale nie sztucznie. Powidzia\u0142a &#8211; id\u017a do swojej pracy&#8230;<\/p>\n<p>Babcia by\u0142a moim przyjacielem, cho\u0107 jako dziecko skar\u017cy\u0142a na nas rodzicom powracaj\u0105cym z pracy. Mia\u0142em jej to za z\u0142e tyle razy &#8211; skoro sama nas ukara\u0142a i okrzycza\u0142a, to dlaczego nie mog\u0142a ju\u017c tego zachowa\u0107 dla siebie? Dostawali\u015bmy bur\u0119 dwa razy za to samo. <\/p>\n<p>A jednak potrafi\u0142a stworzy\u0107 co\u015b z konspiracji wok\u00f3\u0142 naszych kontakt\u00f3w. Potrafi\u0142a zada\u0107 jedno dyskretne pytanie na temat poznanej dziewczyny czy innej osobistej rzeczy, i zyskuj\u0105c zapewnienie, \u017ce jest dobrze, nie wraca\u0142a ju\u017c wi\u0119cej do tego tematu. <\/p>\n<p>Teraz jest w szpitalu, miejscu tak dla niej obcym. Nie rozpoznaje miejsca, nie wie do ko\u0144ca, co si\u0119 z ni\u0105 dzieje. Jednak podpisa\u0142a zgod\u0119 na operacj\u0119 i wiem, \u017ce zrobi\u0142a to ze \u015bwiadomo\u015bci\u0105. Przygotowywa\u0142a si\u0119 do tych chwil wiele lat wcze\u015bniej. Wiem o tym, zauwa\u017ca\u0142em. Zn\u00f3w niewielkie szanse, \u017ce zobaczymy j\u0105 z powrotem w domu, ale czy o to chodzi&#8230;? Ona odchodzi i&#8230; odejdzie. <br \/><\/font><\/p>\n","protected":false},"excerpt":{"rendered":"<p><font ...\n<\/p>\n","protected":false},"author":1,"featured_media":0,"comment_status":"open","ping_status":"open","sticky":false,"template":"","format":"standard","meta":{"footnotes":""},"categories":[27],"tags":[],"_links":{"self":[{"href":"http:\/\/niecodziennosc.kubic.info\/index.php?rest_route=\/wp\/v2\/posts\/8661"}],"collection":[{"href":"http:\/\/niecodziennosc.kubic.info\/index.php?rest_route=\/wp\/v2\/posts"}],"about":[{"href":"http:\/\/niecodziennosc.kubic.info\/index.php?rest_route=\/wp\/v2\/types\/post"}],"author":[{"embeddable":true,"href":"http:\/\/niecodziennosc.kubic.info\/index.php?rest_route=\/wp\/v2\/users\/1"}],"replies":[{"embeddable":true,"href":"http:\/\/niecodziennosc.kubic.info\/index.php?rest_route=%2Fwp%2Fv2%2Fcomments&post=8661"}],"version-history":[{"count":0,"href":"http:\/\/niecodziennosc.kubic.info\/index.php?rest_route=\/wp\/v2\/posts\/8661\/revisions"}],"wp:attachment":[{"href":"http:\/\/niecodziennosc.kubic.info\/index.php?rest_route=%2Fwp%2Fv2%2Fmedia&parent=8661"}],"wp:term":[{"taxonomy":"category","embeddable":true,"href":"http:\/\/niecodziennosc.kubic.info\/index.php?rest_route=%2Fwp%2Fv2%2Fcategories&post=8661"},{"taxonomy":"post_tag","embeddable":true,"href":"http:\/\/niecodziennosc.kubic.info\/index.php?rest_route=%2Fwp%2Fv2%2Ftags&post=8661"}],"curies":[{"name":"wp","href":"https:\/\/api.w.org\/{rel}","templated":true}]}}