{"id":8662,"date":"2005-08-20T00:52:05","date_gmt":"2005-08-19T22:52:05","guid":{"rendered":"http:\/\/niecodziennosc.kubic.info\/index.php\/2005\/08\/20\/powoli-z-mysla-o-pracy\/"},"modified":"2005-08-20T00:52:05","modified_gmt":"2005-08-19T22:52:05","slug":"powoli-z-mysla-o-pracy","status":"publish","type":"post","link":"http:\/\/niecodziennosc.kubic.info\/?p=8662","title":{"rendered":"Powoli &#8211; z my\u015bl\u0105 o pracy"},"content":{"rendered":"<p><font size=\"2\">Mog\u0119 powiedzie\u0107, \u017ce ca\u0142y m\u00f3j urlop to \u017cycie w raju. Ach, gdyby mo\u017cna by\u0142o pozosta\u0107&#8230; \u017bycie rodzinne jest pi\u0119kne, tyle tylko, \u017ce kiedy\u015b trzeba na nie zarobi\u0107&#8230; Jak zatrzyma\u0107 te chwile, nie da\u0107 si\u0119 ponie\u015b\u0107 dziwnemu szale\u0144stwu. Bo przecie\u017c nikt mnie do niego nie zmusza&#8230; a jednak &#8211; chyba tylko ja sam siebie. Zdecydowa\u0107 si\u0119 w \u017cyciu wreszcie na co\u015b, reszt\u0119 zostawi\u0107. <\/p>\n<p>Dzisiaj Sara usn\u0119\u0142a na mojej piersi, przez kilka ostatnich dni ma k\u0142opoty ze spaniem. Zrywa si\u0119 nagle z przejmuj\u0105cym p\u0142aczem podczas snu&#8230; Sta\u0142a si\u0119 nerwowa. Nie przejmuj\u0119 si\u0119 tym zbytnio, po lekturze na wyrywki kilku ksi\u0105\u017cek wiem, \u017ce dzieciaki maj\u0105 najr\u00f3\u017cniejsze okresy, przez kt\u00f3re przechodz\u0105 bez \u015bladu. Ci\u0105gle zachwyca mnie to, \u017ce ma\u0142a zmienia si\u0119 z tygodnia na tydzie\u0144. Ro\u015bnie w oczach i racj\u0119 mieli ci, kt\u00f3rzy zach\u0119cali do robienia zdj\u0119\u0107. One dawno przesta\u0142a by\u0107 taka, jak po porodzie, teraz jest mo\u017ce w pi\u0105tym stadium pod wzgl\u0119dem samego wygl\u0105du. Nie wspominaj\u0105c od zachowaniu. <\/p>\n<p>Powoli przygotowuj\u0119 si\u0119 do my\u015bli o powrocie do pracy. I ci\u0105gle zastanawiam si\u0119, jak zatrzyma\u0107 ten spok\u00f3j. Po raz dziesi\u0105ty w moim \u017cyciu&#8230; Pewnie zn\u00f3w si\u0119 nie uda, a winien b\u0119d\u0119 tylko ja, m\u00f3j brak konsekwencji, zdecydowania, zaci\u0119cia i&#8230; tryb \u017cycia &#8211; spontan, kt\u00f3ry przeplata si\u0119 z tym zorganizowanym, z terminarzem w r\u0119ku. <br \/><\/font><\/p>\n","protected":false},"excerpt":{"rendered":"<p><font size=\"2\">Mog\u0119 &#8230;<\/p>\n","protected":false},"author":1,"featured_media":0,"comment_status":"open","ping_status":"open","sticky":false,"template":"","format":"standard","meta":{"footnotes":""},"categories":[50],"tags":[],"_links":{"self":[{"href":"http:\/\/niecodziennosc.kubic.info\/index.php?rest_route=\/wp\/v2\/posts\/8662"}],"collection":[{"href":"http:\/\/niecodziennosc.kubic.info\/index.php?rest_route=\/wp\/v2\/posts"}],"about":[{"href":"http:\/\/niecodziennosc.kubic.info\/index.php?rest_route=\/wp\/v2\/types\/post"}],"author":[{"embeddable":true,"href":"http:\/\/niecodziennosc.kubic.info\/index.php?rest_route=\/wp\/v2\/users\/1"}],"replies":[{"embeddable":true,"href":"http:\/\/niecodziennosc.kubic.info\/index.php?rest_route=%2Fwp%2Fv2%2Fcomments&post=8662"}],"version-history":[{"count":0,"href":"http:\/\/niecodziennosc.kubic.info\/index.php?rest_route=\/wp\/v2\/posts\/8662\/revisions"}],"wp:attachment":[{"href":"http:\/\/niecodziennosc.kubic.info\/index.php?rest_route=%2Fwp%2Fv2%2Fmedia&parent=8662"}],"wp:term":[{"taxonomy":"category","embeddable":true,"href":"http:\/\/niecodziennosc.kubic.info\/index.php?rest_route=%2Fwp%2Fv2%2Fcategories&post=8662"},{"taxonomy":"post_tag","embeddable":true,"href":"http:\/\/niecodziennosc.kubic.info\/index.php?rest_route=%2Fwp%2Fv2%2Ftags&post=8662"}],"curies":[{"name":"wp","href":"https:\/\/api.w.org\/{rel}","templated":true}]}}