{"id":8663,"date":"2005-08-19T01:23:20","date_gmt":"2005-08-18T23:23:20","guid":{"rendered":"http:\/\/niecodziennosc.kubic.info\/index.php\/2005\/08\/19\/wracam-do-dziecinstwa\/"},"modified":"2005-08-19T01:23:20","modified_gmt":"2005-08-18T23:23:20","slug":"wracam-do-dziecinstwa","status":"publish","type":"post","link":"http:\/\/niecodziennosc.kubic.info\/?p=8663","title":{"rendered":"Wracam do dzieci\u0144stwa"},"content":{"rendered":"<p><font size=\"2\">By\u0142em dzisiaj z c\u00f3rk\u0105 na spacerze, do\u015b\u0107 du\u017c\u0105 cz\u0119\u015b\u0107 drogi nios\u0142em na ramieniu, tocz\u0105c przed sob\u0105 w\u00f3zek. Przyda\u0142aby si\u0119 trzecia r\u0119ka. Ale nie o tym&#8230;<\/p>\n<p>Mam okazj\u0119 lepiej zrozumie\u0107 samego siebie. Sara jest w tych samych miejscach, w kt\u00f3rych ja obija\u0142em kolana, bi\u0142em si\u0119 z dzie\u0107mi s\u0105siad\u00f3w, ukrywa\u0142em w krzakach agrest\u00f3w i zerka\u0142em na zakazany teren poza ogrodzeniem. Teraz, gdy pr\u00f3buje robi\u0107 zdj\u0119cia, to zastanawiam si\u0119, dlaczego nie poci\u0105gaj\u0105 mnie \u0142adne, kolorowe kompozycje, eleganckie uk\u0142ady element\u00f3w&#8230; Moje dzieci\u0144stwo to rozsypany \u017cwir na pow\u00f3rku, dziury na socjalistycznej drodze, nieskoszona trawa w ogrodzie&#8230; Patrzy\u0142em na to wiele lat, to ci\u0105gnie mnie nostalgi\u0105. <\/p>\n<p>Prze\u017cywam na nowo swoje dzieci\u0144stwo, pr\u00f3buj\u0119 si\u0119gn\u0105\u0107 do wspomnie\u0144, ale ju\u017c nie wiem, czy to tylko moja wyobra\u017ania, czy rzeczywi\u015bcie co\u015b pami\u0119tam &#8211; nawet nie wiem z jakiego okresu \u017cycia&#8230; Pami\u0119tam na pewno jedno z wydarze\u0144 &#8211; lament wychowuj\u0105cej nas pod nieobecno\u015b\u0107 rodzic\u00f3w babci&#8230; Siedzia\u0142em przy stole w specjalnym dla dzieci krzese\u0142ku, jad\u0142em z miski. W pewnym momencie &#8211; babcia za\u0142ama\u0142a r\u0119ce, a ja nie wiedzia\u0142em o co chodzi. Po latach powiedziano mi, \u017ce misk\u0119 ze s\u0142odzon\u0105 \u015bmietan\u0105 w\u0142o\u017cy\u0142em sobie na g\u0142ow\u0119. <\/p>\n<p>Jednego jestem pewien &#8211; dzieci\u0144stwo mia\u0142em wspania\u0142e. I teraz trzymaj\u0105c male\u0144stwo na piersi pr\u00f3buj\u0119 wyobrazi\u0107 sobie samego siebie &#8211; na jej miejscu. Nie\u015bwiadomo\u015b\u0107 r\u0105k, n\u00f3g, ca\u0142ego cia\u0142a, jakie\u015b obrazy, kt\u00f3re niewiele maj\u0105 wsp\u00f3lnego z tym, co ja widz\u0119 i rozumiem. I morze uczu\u0107. Smutku, rozpaczy, samotno\u015bci, ale przede wszystkim &#8211; ciep\u0142a, bezpiecze\u0144stwa, ciekawo\u015bci, zainteresowania. <\/p>\n<p>Dzisiaj moi rodzice zwr\u00f3cili uwag\u0119, \u017ce Sara rzeczywi\u015bcie przygl\u0105da si\u0119 szczeg\u00f3lnie czemu\u015b, co widzi po raz pierwszy&#8230; Wczoraj pr\u00f3bowa\u0142em opisa\u0107 moje wra\u017cenie, kiedy na ni\u0105 wtedy patrz\u0119&#8230; Ale chyba nie do ko\u0144ca mi si\u0119 uda\u0142o. To nie tylko fascynacja, to raczej jakby pobo\u017cne poszanowanie nowego zjawiska&#8230; Wiem, \u017ce przesadzam z tymi interpretacjami, ale tak chcia\u0142bym, \u017ceby zachowa\u0142a czyst\u0105 ciekawo\u015b\u0107 \u015bwiata&#8230; Ja j\u0105 zachowa\u0142em do teraz, cho\u0107 potrafi\u0119 by\u0107 r\u00f3wnie\u017c zachowawczy i niech\u0119tny&#8230; Ale &#8211; tajemnica &#8211; poci\u0105ga, nadaje \u017cyciu sens jej zg\u0142\u0119bienia, zrozumienia czego\u015b jeszcze&#8230; Tajemnic\u0105 ci\u0105gle dla nas jest ON, cho\u0107 przecie\u017c tak blisko, jakby za cienk\u0105 \u015bciank\u0105&#8230;<\/p>\n<p>Historia dzieje si\u0119, teraz, i jestem pewien, \u017ce b\u0119d\u0119 j\u0105 wspomina\u0142&#8230;<br \/><\/font><\/p>\n","protected":false},"excerpt":{"rendered":"<p><font size=\"2\">By\u0142em &#8230;<\/p>\n","protected":false},"author":1,"featured_media":0,"comment_status":"open","ping_status":"open","sticky":false,"template":"","format":"standard","meta":{"footnotes":""},"categories":[27],"tags":[],"_links":{"self":[{"href":"http:\/\/niecodziennosc.kubic.info\/index.php?rest_route=\/wp\/v2\/posts\/8663"}],"collection":[{"href":"http:\/\/niecodziennosc.kubic.info\/index.php?rest_route=\/wp\/v2\/posts"}],"about":[{"href":"http:\/\/niecodziennosc.kubic.info\/index.php?rest_route=\/wp\/v2\/types\/post"}],"author":[{"embeddable":true,"href":"http:\/\/niecodziennosc.kubic.info\/index.php?rest_route=\/wp\/v2\/users\/1"}],"replies":[{"embeddable":true,"href":"http:\/\/niecodziennosc.kubic.info\/index.php?rest_route=%2Fwp%2Fv2%2Fcomments&post=8663"}],"version-history":[{"count":0,"href":"http:\/\/niecodziennosc.kubic.info\/index.php?rest_route=\/wp\/v2\/posts\/8663\/revisions"}],"wp:attachment":[{"href":"http:\/\/niecodziennosc.kubic.info\/index.php?rest_route=%2Fwp%2Fv2%2Fmedia&parent=8663"}],"wp:term":[{"taxonomy":"category","embeddable":true,"href":"http:\/\/niecodziennosc.kubic.info\/index.php?rest_route=%2Fwp%2Fv2%2Fcategories&post=8663"},{"taxonomy":"post_tag","embeddable":true,"href":"http:\/\/niecodziennosc.kubic.info\/index.php?rest_route=%2Fwp%2Fv2%2Ftags&post=8663"}],"curies":[{"name":"wp","href":"https:\/\/api.w.org\/{rel}","templated":true}]}}