{"id":8666,"date":"2005-08-18T00:36:31","date_gmt":"2005-08-17T22:36:31","guid":{"rendered":"http:\/\/niecodziennosc.kubic.info\/index.php\/2005\/08\/18\/kilka-slow-o-zyciu-z-malenstwem\/"},"modified":"2005-08-18T00:36:31","modified_gmt":"2005-08-17T22:36:31","slug":"kilka-slow-o-zyciu-z-malenstwem","status":"publish","type":"post","link":"http:\/\/niecodziennosc.kubic.info\/?p=8666","title":{"rendered":"Kilka s\u0142\u00f3w o \u017cyciu z male\u0144stwem"},"content":{"rendered":"<p><font size=\"2\">Sara i ja byli\u015bmy dzisiaj w ogrodzie na spacerze. Nios\u0142em j\u0105 &quot;na szczupaka&quot; albo &quot;na samolota&quot;, zreszt\u0105 jest pewnie i wi\u0119cej okre\u015ble\u0144 pozycji, w kt\u00f3rej podtrzymuje si\u0119 dziecko podk\u0142adaj\u0105c r\u0119ce pod jego brzuch. Ogl\u0105dali\u015bmy zielone drzewa, naszych braci, a Sara zaznajamia\u0142a si\u0119 z nimi patrz\u0105c zatrwo\u017conym i pr\u00f3buj\u0105cym co\u015b zrozumie\u0107 wzrokiem. <\/p>\n<p>Jakie\u015b 10 dni temu zacz\u0119\u0142a wydawa\u0107 z siebie co\u015b wi\u0119cej ni\u017c tylko wrzask, p\u0142acz i posapywanie podczas jedzenia. Pierwsze g\u0142oski to &quot;g&quot; po\u0142\u0105czone z &quot;l&quot;, a najlepszy dow\u00f3d na to, \u017ce nie s\u0105 one przypadkowe, to towarzysz\u0105cy u\u015bmiech oraz mo\u017cliwo\u015b\u0107 wci\u0105gni\u0119cia male\u0144stwa do kr\u00f3tkiej &quot;rozmowy&quot;. Zauwa\u017cy\u0142em przy tym, \u017ce zdecydowanie bardziej zach\u0119ca j\u0105 do &quot;m\u00f3wienia&quot; nie powtarzanie przez doros\u0142ych w k\u00f3\u0142ko tych samych wyraz\u00f3w i zni\u017canie si\u0119 do jej poziomu poprzez przedrze\u017anianie, ale normalne przemawianie do niej. <\/p>\n<p>Ostatnio zaczynamy dokonywa\u0107 ma\u0142ych pr\u00f3b usamodzielniania jej w sp\u0119dzaniu czasu. Na jej p\u0142acz nie reagujemy b\u0142yskawicznie, pr\u00f3bujemy te\u017c zainteresowa\u0107 j\u0105 kolorowymi przedmiotami. Sara u\u015bmiechn\u0119\u0142a si\u0119 te\u017c do lalki! Zabawne. <\/p>\n<p>Dylematy ze zdrowiem to kolejny aspekt zajmowania si\u0119 dzieckiem. Niestety &#8211; alergia widoczna na sk\u00f3rze, przyczyn\u0105 &#8211; co\u015b w pokarmie matki. Zasi\u0119ganie opinii z r\u00f3\u017cnych \u017ar\u00f3de\u0142, r\u00f3wnie\u017c lekarskich, daje tak\u0105 r\u00f3\u017cnorodno\u015b\u0107 porad i diet, \u017ce jest to dla mnie nie do poj\u0119cia. Najbardziej zastanawiaj\u0105ce jest to, \u017ce gdyby zastosowa\u0107 tylko 2-3 z proponowanych diet jednocze\u015bnie, to matka zosta\u0142aby prawie tylko o chlebie i wodzie. Dzisiaj doszli\u015bmy do wniosku, \u017ce jedyne wyj\u015bcie, to samemu pr\u00f3bowa\u0107 dociec, co jest przyczyn\u0105 uczulenia. <\/p>\n<p>I jeszcze jeden wniosek na dzisiaj &#8211; je\u015bli macie lekarza, z kt\u00f3rym dobrze si\u0119 dogadujecie, to sznujcie go i utrzymujcie z nim kontakt. Dzisiaj mia\u0142em do\u015b\u0107 gdybania, porad, plan\u00f3w i przypuszcze\u0144, ale za to bez konkret\u00f3w. Nie znosz\u0119, kiedy ktokolwiek wypowiada si\u0119 tonem znawcy nie b\u0119d\u0105c jednocze\u015bnie pewnym co do tego, o czym m\u00f3wi. R\u00f3wnie\u017c a mo\u017ce tym bardziej lekarz. A to da si\u0119 niestety rozpozna\u0107. <br \/><\/font><\/p>\n","protected":false},"excerpt":{"rendered":"<p><font size=\"2\">Sara i ja&#8230;<\/p>\n","protected":false},"author":1,"featured_media":0,"comment_status":"open","ping_status":"open","sticky":false,"template":"","format":"standard","meta":{"footnotes":""},"categories":[469],"tags":[],"_links":{"self":[{"href":"http:\/\/niecodziennosc.kubic.info\/index.php?rest_route=\/wp\/v2\/posts\/8666"}],"collection":[{"href":"http:\/\/niecodziennosc.kubic.info\/index.php?rest_route=\/wp\/v2\/posts"}],"about":[{"href":"http:\/\/niecodziennosc.kubic.info\/index.php?rest_route=\/wp\/v2\/types\/post"}],"author":[{"embeddable":true,"href":"http:\/\/niecodziennosc.kubic.info\/index.php?rest_route=\/wp\/v2\/users\/1"}],"replies":[{"embeddable":true,"href":"http:\/\/niecodziennosc.kubic.info\/index.php?rest_route=%2Fwp%2Fv2%2Fcomments&post=8666"}],"version-history":[{"count":0,"href":"http:\/\/niecodziennosc.kubic.info\/index.php?rest_route=\/wp\/v2\/posts\/8666\/revisions"}],"wp:attachment":[{"href":"http:\/\/niecodziennosc.kubic.info\/index.php?rest_route=%2Fwp%2Fv2%2Fmedia&parent=8666"}],"wp:term":[{"taxonomy":"category","embeddable":true,"href":"http:\/\/niecodziennosc.kubic.info\/index.php?rest_route=%2Fwp%2Fv2%2Fcategories&post=8666"},{"taxonomy":"post_tag","embeddable":true,"href":"http:\/\/niecodziennosc.kubic.info\/index.php?rest_route=%2Fwp%2Fv2%2Ftags&post=8666"}],"curies":[{"name":"wp","href":"https:\/\/api.w.org\/{rel}","templated":true}]}}