{"id":8669,"date":"2005-07-29T00:51:44","date_gmt":"2005-07-28T22:51:44","guid":{"rendered":"http:\/\/niecodziennosc.kubic.info\/index.php\/2005\/07\/29\/wracajmy-slonce-zapala-las\/"},"modified":"2005-07-29T00:51:44","modified_gmt":"2005-07-28T22:51:44","slug":"wracajmy-slonce-zapala-las","status":"publish","type":"post","link":"http:\/\/niecodziennosc.kubic.info\/?p=8669","title":{"rendered":"Wracajmy, s\u0142o\u0144ce zapala las"},"content":{"rendered":"<p><font size=\"2\">Poni\u017csze, proste, jak dzisiaj oceniam, s\u0142owa \u015bpiewa\u0142em po raz pierwszy maj\u0105c chyba trzyna\u015bcie lat&#8230;<\/p>\n<p><span style=\"font-style: italic;\">Gdy utraci\u0142e\u015b w ludzi wiar\u0119, <\/span><br style=\"font-style: italic;\" \/><span style=\"font-style: italic;\">widzisz w nich tylko z\u0142o<\/span><br style=\"font-style: italic;\" \/><span style=\"font-style: italic;\">I b\u00f3l przekracza si\u0142y miar\u0119, <\/span><br style=\"font-style: italic;\" \/><span style=\"font-style: italic;\">to razem z nami &#8211; chod\u017a<\/span><br style=\"font-style: italic;\" \/><span style=\"font-style: italic;\">    kochaj\u0105cego szuka\u0107 serca<\/span><br style=\"font-style: italic;\" \/><br style=\"font-style: italic;\" \/><span style=\"font-style: italic;\">Tu, zagubiony gdzie\u015b w\u015br\u00f3d p\u00f3l, <\/span><br style=\"font-style: italic;\" \/><span style=\"font-style: italic;\">male\u0144ki bia\u0142y kwiat<\/span><br style=\"font-style: italic;\" \/><span style=\"font-style: italic;\">Pi\u0119kny, \u017ce najs\u0142awniejszy kr\u00f3l <\/span><br style=\"font-style: italic;\" \/><span style=\"font-style: italic;\">przy nim to tylko dziad<\/span><br style=\"font-style: italic;\" \/><span style=\"font-style: italic;\">    Jak my\u015blisz &#8211; po co jest to pi\u0119kno?<\/span><br style=\"font-style: italic;\" \/><br style=\"font-style: italic;\" \/><span style=\"font-style: italic;\">Wracajmy, s\u0142o\u0144ce zapala las<\/span><br style=\"font-style: italic;\" \/><span style=\"font-style: italic;\">m\u00f3wi dobranoc dniom<\/span><br style=\"font-style: italic;\" \/><span style=\"font-style: italic;\">Bo teraz gwiezdnych szlak\u00f3w czas<\/span><br style=\"font-style: italic;\" \/><span style=\"font-style: italic;\">I dzieci, kt\u00f3re \u015bni\u0105<\/span><br style=\"font-style: italic;\" \/><br style=\"font-style: italic;\" \/><span style=\"font-style: italic;\">Sp\u00f3jrz, m\u00f3j bracie, nie jeste\u015b sam<\/span><br style=\"font-style: italic;\" \/><span style=\"font-style: italic;\">Jest kto\u015b kto kocha Ci\u0119<\/span><br style=\"font-style: italic;\" \/><span style=\"font-style: italic;\">Kto stworzy\u0142 ten wspania\u0142y \u015bwiat<\/span><br style=\"font-style: italic;\" \/><span style=\"font-style: italic;\">By Ci nie by\u0142o \u017ale<\/span><br style=\"font-style: italic;\" \/><span style=\"font-style: italic;\">    By da\u0107 Ci dow\u00f3d swej mi\u0142o\u015bci<\/span><\/p>\n<p>Dzisiaj dosta\u0142em ol\u015bnienia, tym razem nie \u015bpiwaj\u0105c, ale czytaj\u0105c te s\u0142owa mojej trzymanej na r\u0119kach siedmiotygodniowej c\u00f3rce. Przez dwadzie\u015bcia lat \u015bpiewa\u0142em je pewnie niezliczon\u0105 ilo\u015b\u0107 razy, ale teraz mam wra\u017cenie, \u017ce przez ten czas zapomnia\u0142em, co one znacz\u0105&#8230;<br \/><\/font><font size=\"2\"><\/font><br \/><img decoding=\"async\" border=\"0\" align=\"left\" alt=\"Sara\" src=\"wp-content\/uploads\/2019\/03\/Sararecznikm.jpg\" \/><font size=\"2\">Wraz z dzieckiem przychodzi uczucie, a mo\u017ce cho\u0107 nadzieja, \u017ce od niego rozpocznie si\u0119 lepszy \u015bwiat. I nawet rozpoczyna si\u0119 &#8211; dla mnie osobi\u015bcie. Jest lepszy, pi\u0119kniejszy, poniewa\u017c ona jest, jej oczekiwanie \u015bwiata, ciekawo\u015b\u0107, zd\u0105\u017canie naprz\u00f3d bez zastanawiania si\u0119, co j\u0105 czeka. Mam wra\u017cenie, \u017ce je\u015bli przecie\u017c mnie nie by\u0142o \u017ale, to dla niej &#8211; wszystko b\u0119dzie idealne, doskona\u0142e. Patrz\u0105c na t\u0119 twarzyczk\u0119 zwracaj\u0105c\u0105 si\u0119 w stron\u0119 \u015bwiat\u0142a mam cho\u0107 przez chwil\u0119 wra\u017cenie, \u017ce musi tak by\u0107. \u017be dla niej nie b\u0119dzie cierpienia.<\/p>\n<p>Lecz za chwil\u0119 powraca rzeczywisto\u015b\u0107 &#8211; do doros\u0142o\u015bci cz\u0142owiek dostaje si\u0119 w\u0142a\u015bnie poprzez trudno\u015bci i cierpienie. Nie unikaj\u0105c ich, ale patrz\u0105c im w oczy, nawet je\u015bli b\u0119dzie wydawa\u0107 si\u0119, \u017ce w tym \u017cyciu ostatecznie nas zwyci\u0119\u017c\u0105. Lecz doros\u0142o\u015b\u0107 i cho\u0107 pewna cz\u0119\u015b\u0107 doskona\u0142o\u015bci pozostanie. <br \/><\/font><\/p>\n","protected":false},"excerpt":{"rendered":"<p><font size=\"2\">Poni\u017csze,&#8230;<\/p>\n","protected":false},"author":1,"featured_media":0,"comment_status":"open","ping_status":"open","sticky":false,"template":"","format":"standard","meta":{"footnotes":""},"categories":[130],"tags":[],"_links":{"self":[{"href":"http:\/\/niecodziennosc.kubic.info\/index.php?rest_route=\/wp\/v2\/posts\/8669"}],"collection":[{"href":"http:\/\/niecodziennosc.kubic.info\/index.php?rest_route=\/wp\/v2\/posts"}],"about":[{"href":"http:\/\/niecodziennosc.kubic.info\/index.php?rest_route=\/wp\/v2\/types\/post"}],"author":[{"embeddable":true,"href":"http:\/\/niecodziennosc.kubic.info\/index.php?rest_route=\/wp\/v2\/users\/1"}],"replies":[{"embeddable":true,"href":"http:\/\/niecodziennosc.kubic.info\/index.php?rest_route=%2Fwp%2Fv2%2Fcomments&post=8669"}],"version-history":[{"count":0,"href":"http:\/\/niecodziennosc.kubic.info\/index.php?rest_route=\/wp\/v2\/posts\/8669\/revisions"}],"wp:attachment":[{"href":"http:\/\/niecodziennosc.kubic.info\/index.php?rest_route=%2Fwp%2Fv2%2Fmedia&parent=8669"}],"wp:term":[{"taxonomy":"category","embeddable":true,"href":"http:\/\/niecodziennosc.kubic.info\/index.php?rest_route=%2Fwp%2Fv2%2Fcategories&post=8669"},{"taxonomy":"post_tag","embeddable":true,"href":"http:\/\/niecodziennosc.kubic.info\/index.php?rest_route=%2Fwp%2Fv2%2Ftags&post=8669"}],"curies":[{"name":"wp","href":"https:\/\/api.w.org\/{rel}","templated":true}]}}