{"id":8670,"date":"2005-07-27T21:31:45","date_gmt":"2005-07-27T19:31:45","guid":{"rendered":"http:\/\/niecodziennosc.kubic.info\/index.php\/2005\/07\/27\/w-domu-2\/"},"modified":"2005-07-27T21:31:45","modified_gmt":"2005-07-27T19:31:45","slug":"w-domu-2","status":"publish","type":"post","link":"http:\/\/niecodziennosc.kubic.info\/?p=8670","title":{"rendered":"W domu&#8230;"},"content":{"rendered":"<p><font size=\"2\">Jestem w domu na urlopie ju\u017c od trzech tygodni. Dzisiaj byli\u015bmy na pierwszym szczepieniu dzieciaka. Niemowlak zdziwiony tym, co si\u0119 dzieje, zacz\u0105\u0142 rozpaczliwie wrzeszcze\u0107. \u015acisn\u0119\u0142o mi si\u0119 serce &#8211; nie dlatego, \u017ce p\u0142acze i \u017ce j\u0105 bola\u0142o, ale dlatego, \u017ce b\u00f3l, kt\u00f3ry jej zadali\u015bmy, by\u0142 zupe\u0142nie niespodziewany, bez ostrze\u017cenia. Ale szybko si\u0119 uspokoi\u0142a i zasn\u0119\u0142a ma moim ramieniu. <\/p>\n<p>Ostatnie dni to dla mnie drobny kryzys. Kryzys z tego powodu, \u017ce dni mijaj\u0105 bardzo szybko, a ja nie jestem w stanie zrobi\u0107 prawie niczego opr\u00f3cz po prostu bycia w domu i &#8211; przez wi\u0119kszo\u015b\u0107 czasu &#8211; asystowania c\u00f3rce. Pr\u00f3buj\u0119 zaj\u0105\u0107 si\u0119 programowaniem, ale nie mog\u0119 ugry\u017a\u0107 tematu i projekt, kt\u00f3ry zaplanowa\u0142em, na razie mnie przerasta. Mia\u0142em \u0107wiczy\u0107 codziennie na fortepianie przygotowuj\u0105c si\u0119 do zgrupowania, na kt\u00f3rym b\u0119d\u0119 gra\u0142. \u017beby si\u0119 cho\u0107 troche rozegra\u0107 trzeba przynajmniej godzin\u0119 codziennie. Od trzech dni nawet nie mog\u0119 sobie wyobrazi\u0107, kiedy m\u00f3g\u0142bym to robi\u0107. Dzisiaj m\u00f3j dzie\u0144 sk\u0142ada\u0142 si\u0119 z trzech punkt\u00f3w &#8211; byli\u015bmy z dzieckiem u lekarza i za\u0142atwili\u015bmy par\u0119 spraw w mie\u015bcie, p\u00f3\u017aniej by\u0142em jeszcze na zakupach i w ko\u0144cu &#8211; przespa\u0142em 2 godziny. Pomi\u0119dzy tymi &#8211; \u015bniadanie, obiad, drobne rzeczy jak zbieranie suchego prania. Wieczorem &#8211; k\u0105panie ma\u0142ej. I to jest w zasadzie wszystko&#8230;. Ju\u017c dziewi\u0105ta wiecz\u00f3r&#8230; A gdzie uaktualnianie obecnie prowadzonych stron www, gdzie tworzenie nowej, gdzie zdj\u0119cia&#8230;<\/p>\n<p>Poza tym wkrad\u0142 si\u0119 ci\u0119\u017cki nastr\u00f3j, w kt\u00f3rym tak wiele rzeczy jest &quot;nie tak&quot;. Nie t\u0119dy idziemy, nie tak po\u0142o\u017cy\u0142e\u015b, nie tak pomy\u015bla\u0142e\u015b. A\u017c dziwne, \u017ce przecie\u017c dzieciak dobrze \u015bpi w nocy (2 karmienia to wcale nie du\u017co), \u017ce nie ma z nim prawie wcale problem\u00f3w, a drobne zmartwienia nie s\u0105 warte tego ci\u0119\u017ckiego nastroju. <\/p>\n<p>\u017beby mu si\u0119 nie poddawa\u0107, musz\u0119 si\u0119 oderwa\u0107 od niego, od ludzi, kt\u00f3rzy si\u0119 mu poddali. Po raz kolejny w \u017cyciu &#8211; analiza stanu faktycznego, odnalezienie s\u0142abych punkt\u00f3w, gdzie tracona jest energia i czas. Okazja, \u017ceby po\u0107wiczy\u0107 wewn\u0119trzny optymizm i u\u015bmiech na twarzy. To ja musz\u0119 by\u0107 jego \u017ar\u00f3d\u0142em. <\/p>\n<p>Gdzie\u015b dawno temu zapad\u0142o mi w pami\u0119\u0107 takie zdanie: je\u015bli sam sobie nie pomo\u017cesz, nie pomo\u017ce ci nikt. Znaczenie tego zdania ma kilka warstw i wbrew pozorom wcale nie m\u00f3wi ono o samotno\u015bci. Jest jak najbardziej prawdziwe. <br \/><\/font><\/p>\n","protected":false},"excerpt":{"rendered":"<p><font size=\"2\">Jestem w &#8230;<\/p>\n","protected":false},"author":1,"featured_media":0,"comment_status":"open","ping_status":"open","sticky":false,"template":"","format":"standard","meta":{"footnotes":""},"categories":[50],"tags":[],"_links":{"self":[{"href":"http:\/\/niecodziennosc.kubic.info\/index.php?rest_route=\/wp\/v2\/posts\/8670"}],"collection":[{"href":"http:\/\/niecodziennosc.kubic.info\/index.php?rest_route=\/wp\/v2\/posts"}],"about":[{"href":"http:\/\/niecodziennosc.kubic.info\/index.php?rest_route=\/wp\/v2\/types\/post"}],"author":[{"embeddable":true,"href":"http:\/\/niecodziennosc.kubic.info\/index.php?rest_route=\/wp\/v2\/users\/1"}],"replies":[{"embeddable":true,"href":"http:\/\/niecodziennosc.kubic.info\/index.php?rest_route=%2Fwp%2Fv2%2Fcomments&post=8670"}],"version-history":[{"count":0,"href":"http:\/\/niecodziennosc.kubic.info\/index.php?rest_route=\/wp\/v2\/posts\/8670\/revisions"}],"wp:attachment":[{"href":"http:\/\/niecodziennosc.kubic.info\/index.php?rest_route=%2Fwp%2Fv2%2Fmedia&parent=8670"}],"wp:term":[{"taxonomy":"category","embeddable":true,"href":"http:\/\/niecodziennosc.kubic.info\/index.php?rest_route=%2Fwp%2Fv2%2Fcategories&post=8670"},{"taxonomy":"post_tag","embeddable":true,"href":"http:\/\/niecodziennosc.kubic.info\/index.php?rest_route=%2Fwp%2Fv2%2Ftags&post=8670"}],"curies":[{"name":"wp","href":"https:\/\/api.w.org\/{rel}","templated":true}]}}