{"id":8673,"date":"2005-07-11T01:44:04","date_gmt":"2005-07-10T23:44:04","guid":{"rendered":"http:\/\/niecodziennosc.kubic.info\/index.php\/2005\/07\/11\/niezobowiazujace-refleksje\/"},"modified":"2005-07-11T01:44:04","modified_gmt":"2005-07-10T23:44:04","slug":"niezobowiazujace-refleksje","status":"publish","type":"post","link":"http:\/\/niecodziennosc.kubic.info\/?p=8673","title":{"rendered":"Niezobowi\u0105zuj\u0105ce refleksje"},"content":{"rendered":"<p><font size=\"2\">Ma\u0142a rozwija si\u0119 dobrze, na to wygl\u0105da. G\u0142os si\u0119 jej obni\u017cy\u0142 i wzmocni\u0142&#8230; Jest wyra\u017anie wi\u0119ksza! Dzisiaj (tzn. ju\u017c wczoraj) obchodzi\u0142a miesi\u0105c swojego \u017cycia!<\/p>\n<p>Chcia\u0142bym napisa\u0107 co\u015b bardziej uduchowionego&#8230; ale jako\u015b brak weny&#8230; Wieczorem jeszcze pracowa\u0142em, ale i odby\u0142em rozmow\u0119 &quot;biznesow\u0105&quot;, co zasadniczo zmienia atmosfer\u0119 dnia \u015bwi\u0105tecznego, jakim powinna pozosta\u0107 niedziela. <\/p>\n<p>Odkurzam stare utwory muzyczne, kt\u00f3re s\u0142ucha\u0142em maj\u0105c na\u015bcie lat. Pr\u00f3buj\u0119 zamodelowa\u0107, w jaki spos\u00f3b ja odbiera\u0142em muzyk\u0119, kiedy by\u0142em bardzo ma\u0142y. Pr\u00f3buj\u0119 te\u017c z\u0142o\u017cy\u0107 ma\u0142\u0105 kolekcj\u0119 odzwierciedlaj\u0105c\u0105 histori\u0119 muzyki &#8211; od \u015bredniowiecza do romantyzmu. Mo\u017ce gdy muzyka tzw. powa\u017cna b\u0119dzie ci\u0105gle obecna w domu, to ona, ma\u0142a istota, b\u0119dzie j\u0105 lepiej rozumie\u0107. Tak wprost, nie tak jak ja, kt\u00f3ry uczy\u0142em si\u0119 jej teoretycznie, zanim pozna\u0142em jej sens i pi\u0119kno. <\/p>\n<p>Jeszcze o ma\u0142ej&#8230; Jeden z do\u015b\u0107 skutecznych sposob\u00f3w uspokajania jej to u\u0142o\u017cenie w pozycji na brzuchu. Lubi\u0119 k\u0142a\u015b\u0107 j\u0105 sobie na mojej piersi i patrze\u0107, jak podnosi g\u0142ow\u0119 i rozgl\u0105da si\u0119 &#8211; taka spokojna, &quot;pokorna&quot; mo\u017cna powiedzie\u0107. Dzisiaj, gdy zm\u0119czy\u0142a si\u0119 troch\u0119, po\u0142o\u017cy\u0142a g\u0142ow\u0119 i le\u017ca\u0142a spokojni, usypiaj\u0105c, cho\u0107 chwil\u0119 wcze\u015bniej g\u0142o\u015bno krzycza\u0142a. <\/p>\n<p>Ko\u0144cz\u0119&#8230; z niedosytem, gdy\u017c wola\u0142bym co\u015b napisa\u0107 w kategorii &quot;Duszy podr\u00f3\u017ce&quot;&#8230; C\u00f3\u017c&#8230; za pi\u0119tna\u015bcie druga&#8230; zn\u00f3w za chwil\u0119 mog\u0119 si\u0119 spodziewa\u0107 pobudki <br \/> <\/font><\/p>\n","protected":false},"excerpt":{"rendered":"<p><font size=\"2\">Ma\u0142a &#8230;<\/p>\n","protected":false},"author":1,"featured_media":0,"comment_status":"open","ping_status":"open","sticky":false,"template":"","format":"standard","meta":{"footnotes":""},"categories":[50],"tags":[],"_links":{"self":[{"href":"http:\/\/niecodziennosc.kubic.info\/index.php?rest_route=\/wp\/v2\/posts\/8673"}],"collection":[{"href":"http:\/\/niecodziennosc.kubic.info\/index.php?rest_route=\/wp\/v2\/posts"}],"about":[{"href":"http:\/\/niecodziennosc.kubic.info\/index.php?rest_route=\/wp\/v2\/types\/post"}],"author":[{"embeddable":true,"href":"http:\/\/niecodziennosc.kubic.info\/index.php?rest_route=\/wp\/v2\/users\/1"}],"replies":[{"embeddable":true,"href":"http:\/\/niecodziennosc.kubic.info\/index.php?rest_route=%2Fwp%2Fv2%2Fcomments&post=8673"}],"version-history":[{"count":0,"href":"http:\/\/niecodziennosc.kubic.info\/index.php?rest_route=\/wp\/v2\/posts\/8673\/revisions"}],"wp:attachment":[{"href":"http:\/\/niecodziennosc.kubic.info\/index.php?rest_route=%2Fwp%2Fv2%2Fmedia&parent=8673"}],"wp:term":[{"taxonomy":"category","embeddable":true,"href":"http:\/\/niecodziennosc.kubic.info\/index.php?rest_route=%2Fwp%2Fv2%2Fcategories&post=8673"},{"taxonomy":"post_tag","embeddable":true,"href":"http:\/\/niecodziennosc.kubic.info\/index.php?rest_route=%2Fwp%2Fv2%2Ftags&post=8673"}],"curies":[{"name":"wp","href":"https:\/\/api.w.org\/{rel}","templated":true}]}}