{"id":8686,"date":"2005-06-09T03:42:07","date_gmt":"2005-06-09T01:42:07","guid":{"rendered":"http:\/\/niecodziennosc.kubic.info\/index.php\/2005\/06\/09\/za-dwadziescia-czwarta-rano\/"},"modified":"2005-06-09T03:42:07","modified_gmt":"2005-06-09T01:42:07","slug":"za-dwadziescia-czwarta-rano","status":"publish","type":"post","link":"http:\/\/niecodziennosc.kubic.info\/?p=8686","title":{"rendered":"Za dwadzie\u015bcia czwarta rano"},"content":{"rendered":"<p><font size=\"2\">Ko\u0144czymy nagranie na dzisiaj&#8230; Zostaje jeszcze zwin\u0105\u0107 kable, z\u0142o\u017cy\u0107 statywy i schowa\u0107 mikrofony. Ioana pewnie przewraca si\u0119 z jednego boku na drugi, \u015bpi\u0105c na szpitalnym \u0142\u00f3\u017cku. Podczas ci\u0105\u017cy s\u0105 takie noce, w kt\u00f3rych spanie na jakimkolwiek boku jest prawie niemo\u017cliwe. Pozostaje wymuszony sen na siedz\u0105co. <\/p>\n<p>Id\u0119 zwija\u0107 kable. A p\u00f3\u017aniej &#8211; do domu, na dzienny sen. <br \/><\/font><\/p>\n","protected":false},"excerpt":{"rendered":"<p><font size=\"2\">Ko\u0144czymy &#8230;<\/p>\n","protected":false},"author":1,"featured_media":0,"comment_status":"open","ping_status":"open","sticky":false,"template":"","format":"standard","meta":{"footnotes":""},"categories":[94],"tags":[],"_links":{"self":[{"href":"http:\/\/niecodziennosc.kubic.info\/index.php?rest_route=\/wp\/v2\/posts\/8686"}],"collection":[{"href":"http:\/\/niecodziennosc.kubic.info\/index.php?rest_route=\/wp\/v2\/posts"}],"about":[{"href":"http:\/\/niecodziennosc.kubic.info\/index.php?rest_route=\/wp\/v2\/types\/post"}],"author":[{"embeddable":true,"href":"http:\/\/niecodziennosc.kubic.info\/index.php?rest_route=\/wp\/v2\/users\/1"}],"replies":[{"embeddable":true,"href":"http:\/\/niecodziennosc.kubic.info\/index.php?rest_route=%2Fwp%2Fv2%2Fcomments&post=8686"}],"version-history":[{"count":0,"href":"http:\/\/niecodziennosc.kubic.info\/index.php?rest_route=\/wp\/v2\/posts\/8686\/revisions"}],"wp:attachment":[{"href":"http:\/\/niecodziennosc.kubic.info\/index.php?rest_route=%2Fwp%2Fv2%2Fmedia&parent=8686"}],"wp:term":[{"taxonomy":"category","embeddable":true,"href":"http:\/\/niecodziennosc.kubic.info\/index.php?rest_route=%2Fwp%2Fv2%2Fcategories&post=8686"},{"taxonomy":"post_tag","embeddable":true,"href":"http:\/\/niecodziennosc.kubic.info\/index.php?rest_route=%2Fwp%2Fv2%2Ftags&post=8686"}],"curies":[{"name":"wp","href":"https:\/\/api.w.org\/{rel}","templated":true}]}}