{"id":8695,"date":"2005-04-26T23:19:13","date_gmt":"2005-04-26T21:19:13","guid":{"rendered":"http:\/\/niecodziennosc.kubic.info\/index.php\/2005\/04\/26\/wybaczcie\/"},"modified":"2005-04-26T23:19:13","modified_gmt":"2005-04-26T21:19:13","slug":"wybaczcie","status":"publish","type":"post","link":"http:\/\/niecodziennosc.kubic.info\/?p=8695","title":{"rendered":"Wybaczcie&#8230;"},"content":{"rendered":"<p><font size=\"2\">Przyznaj\u0119, za\u0142o\u017cy\u0142em tego bloga nie\u015bwiadom tego, co tutaj si\u0119 dzieje. To znaczy zupe\u0142nie nie\u015bwiadom tego, \u017ce na blox.pl istnieje ca\u0142e miasto, toczy si\u0119 tutaj normalne codzienne \u017cycie jak w rodzinie. Zagl\u0105dn\u0105\u0142em tylko w niekt\u00f3re pi\u0119kne miejsca i zacz\u0119\u0142o mnie ci\u0105gn\u0105\u0107 do Was&#8230; <\/font><\/p>\n<p><font size=\"2\">Moje pierwsze przyja\u017anie internetowe to <a href=\"http:\/\/www.forum.akcjasos.pl\/\">www.forum.akcjasos.pl<\/a> &#8211; i forum o cukrzycy. P\u00f3\u017aniej &#8211; zdj\u0119cia &#8211; <a href=\"http:\/\/www.trekearth.com\/\">www.trekearth.com<\/a> <a href=\"http:\/\/www.treklens.com\/\">www.treklens.com<\/a>. Dni i tygodnie prawie \u017ce uzale\u017cnienia &#8211; poznawanie ludzi, pr\u00f3by ich odczucia\u00a0&#8211; poprzez znaczki, kt\u00f3re widz\u0119 na ekranie, formu\u0142owane zdania, my\u015bli, avatary, poprzez zdj\u0119cia. Po drugiej stronie &#8211; cz\u0142owiek-zagadka, a zagadka to co\u015b najbardziej intryguj\u0105cego na \u015bwiecie. Fascynacja to zagadka. <\/font><\/p>\n<p><font size=\"2\">O\u00a0tym blogu nie powiedzia\u0142em nikomu. Czasami mam ochot\u0119 co\u015b napisa\u0107, ale fakt, \u017ce moi znajomi znaj\u0105 m\u00f3j styl i wiedz\u0105, czego si\u0119 spodziewa\u0107, zniewala mnie. Z jednej strony tworzenie niejako &quot;na zam\u00f3wienie&quot; przestaje by\u0107 intryguj\u0105ce (zw\u0142aszcza, \u017ce na codzie\u0144 musz\u0119 to robi\u0107), z drugiej &#8211; oczekiwania i\u00a0konieczno\u015b\u0107 sprostania im\u00a0 niszczy t\u0119 delikatn\u0105 my\u015bl, subtelne i nowe uczucie, kt\u00f3re przenika z niezbadanych do ko\u0144ca obszar\u00f3w ludzkiej duszy do \u015bwiadomo\u015bci. <\/font><\/p>\n<p><font size=\"2\">Pisz\u0119 do Was &#8211; do moich wyobra\u017ce\u0144 o tym, kim jeste\u015bcie. Nawet, je\u015bli nie czyta tego nikt, to mi nie przeszkadza. A nawet ta \u015bwiadomo\u015b\u0107 czyni mnie wolnym w wyra\u017caniu swoich my\u015bli. Tak, ten blog jest raczej dla mnie samego, egoistycznie za\u0142o\u017cony, by wywn\u0119trznia\u0107 swoje wyobra\u017cenia przed istotami, kt\u00f3re r\u00f3wnie\u017c \u017cyj\u0105 w mojej wyobra\u017ani&#8230; <\/font><\/p>\n<p><font size=\"2\">Dlatego wybaczcie &#8211; \u017ce pozostaj\u0119 z boku&#8230; Chyba musi tak by\u0107, przynajmniej na razie&#8230; <\/font><\/p>\n","protected":false},"excerpt":{"rendered":"<p><font ...\n<\/p>\n","protected":false},"author":1,"featured_media":0,"comment_status":"open","ping_status":"open","sticky":false,"template":"","format":"standard","meta":{"footnotes":""},"categories":[27],"tags":[],"_links":{"self":[{"href":"http:\/\/niecodziennosc.kubic.info\/index.php?rest_route=\/wp\/v2\/posts\/8695"}],"collection":[{"href":"http:\/\/niecodziennosc.kubic.info\/index.php?rest_route=\/wp\/v2\/posts"}],"about":[{"href":"http:\/\/niecodziennosc.kubic.info\/index.php?rest_route=\/wp\/v2\/types\/post"}],"author":[{"embeddable":true,"href":"http:\/\/niecodziennosc.kubic.info\/index.php?rest_route=\/wp\/v2\/users\/1"}],"replies":[{"embeddable":true,"href":"http:\/\/niecodziennosc.kubic.info\/index.php?rest_route=%2Fwp%2Fv2%2Fcomments&post=8695"}],"version-history":[{"count":0,"href":"http:\/\/niecodziennosc.kubic.info\/index.php?rest_route=\/wp\/v2\/posts\/8695\/revisions"}],"wp:attachment":[{"href":"http:\/\/niecodziennosc.kubic.info\/index.php?rest_route=%2Fwp%2Fv2%2Fmedia&parent=8695"}],"wp:term":[{"taxonomy":"category","embeddable":true,"href":"http:\/\/niecodziennosc.kubic.info\/index.php?rest_route=%2Fwp%2Fv2%2Fcategories&post=8695"},{"taxonomy":"post_tag","embeddable":true,"href":"http:\/\/niecodziennosc.kubic.info\/index.php?rest_route=%2Fwp%2Fv2%2Ftags&post=8695"}],"curies":[{"name":"wp","href":"https:\/\/api.w.org\/{rel}","templated":true}]}}