{"id":8699,"date":"2005-04-08T10:57:58","date_gmt":"2005-04-08T08:57:58","guid":{"rendered":"http:\/\/niecodziennosc.kubic.info\/index.php\/2005\/04\/08\/ostatnie-dni-jana-pawla-ii-sprzeciw\/"},"modified":"2005-04-08T10:57:58","modified_gmt":"2005-04-08T08:57:58","slug":"ostatnie-dni-jana-pawla-ii-sprzeciw","status":"publish","type":"post","link":"http:\/\/niecodziennosc.kubic.info\/?p=8699","title":{"rendered":"Ostatnie dni Jana Paw\u0142a II &#8211; sprzeciw"},"content":{"rendered":"<p class=\"MsoNormal\" style=\"text-align: justify;\"><font size=\"2\" color=\"#000033\">Drugiego kwietnia 2005, o godzinie 21:37 zmar\u0142 Karol Wojty\u0142a &#8211; papie\u017c Jan Pawe\u0142 II. By\u0142 jednym z najdzielniejszych papie\u017cy w historii, odwa\u017cnie bior\u0105cy brzemi\u0119 trudnych dziej\u00f3w Ko\u015bcio\u0142a na siebie. Jako pierwszy oficjalnie i publicznie mia\u0142 odwag\u0119 przyzna\u0107, i\u017c Ko\u015bci\u00f3\u0142 pope\u0142ni\u0142 w swej historii wiele tragicznych b\u0142\u0119d\u00f3w staj\u0105c si\u0119 przyczyn\u0105 cierpie\u0144 i prze\u015bladowa\u0144 wielu ludzi na ca\u0142ym \u015bwiecie &#8211; wyznawc\u00f3w innych od\u0142am\u00f3w chrze\u015bcija\u0144stwa i nie-chrze\u015bcijan. Najbardziej stanowczo ze wszystkich papie\u017cy sprzeciwi\u0142 si\u0119 antysemityzmowi i antyjudaistycznej teologii, k\u0142ad\u0105c podwaliny pod trudny proces pojednania mi\u0119dzy katolikami a \u017bydami. Szanowa\u0142 cudze sumienia; przybli\u017ca\u0142 ewangeli\u0119 m\u0142odzie\u017cy. Od czasu jego \u015bmierci jego dobro \u015bwiadczone ludziom sta\u0142o si\u0119, za spraw\u0105 medi\u00f3w, znane \u015bwiatu bardziej ni\u017c kiedykolwiek dot\u0105d. S\u0105 to tylko niekt\u00f3re z jego zas\u0142ug, dla mnie osobi\u015bcie najbardziej przekonywuj\u0105ce i powodu kt\u00f3rych mam szacunek dla tego cz\u0142owieka.<\/font><\/p>\n<p class=\"MsoNormal\" style=\"text-align: justify;\"><font size=\"2\" color=\"#000033\">Obserwuj\u0105c jednak w tych dniach \u017ca\u0142oby reakcj\u0119<span> <\/span>\u015bwiata, a zw\u0142aszcza Polak\u00f3w, chc\u0119 podkre\u015bli\u0107 stanowczo \u017ce:<\/font><\/p>\n<ul style=\"color: rgb(255, 255, 255);\">\n<li style=\"text-align: justify;\" class=\"MsoNormal\"><font size=\"2\" color=\"#000033\">Bez wzgl\u0119du na wszelkie dobro, kt\u00f3rego dokona\u0142 papie\u017c Jan Pawe\u0142 II, <strong>moim zbawicielem jest Jezus Chrystus<\/strong>, kt\u00f3ry umar\u0142 na krzy\u017cu.<\/font><\/li>\n<li style=\"text-align: justify;\" class=\"MsoNormal\"><font size=\"2\"><font color=\"#000033\"><strong>Jest tylko jeden Ojciec \u015awi\u0119ty<\/strong> &#8211; jest nim B\u00f3g w niebie, Stworzyciel Wszech\u015bwiata. &quot;<em>Nikogo te\u017c na ziemi nie nazywajcie Ojcem swoim; albowiem jeden jest Ojciec wasz, Ten w niebie<\/em>.&quot;<font size=\"1\">(Ewangelia wg \u015bw. Mateusza 23, 9) <\/font><\/font><\/font><\/li>\n<li style=\"text-align: justify;\" class=\"MsoNormal\"><font size=\"2\" color=\"#000033\">Papie\u017c dzielnie walczy\u0142 ze swoj\u0105 chorob\u0105 i przem\u00f3g\u0142 j\u0105, bo cho\u0107 umar\u0142, to jednak z godno\u015bci\u0105 zachowuj\u0105c pogod\u0119 ducha. <strong>Bez wzgl\u0119du jednak na to, jak bardzo wzrusza mnie jego walka i cierpienie spowodowane chorob\u0105, nie ma ona adekwatnego por\u00f3wnania do cierpie\u0144 i \u015bmierci Jezusa<\/strong>, kt\u00f3ry umiera\u0142 na krzy\u017cu za spraw\u0105 prze\u015bladowa\u0144, w\u015br\u00f3d szydz\u0105cego z Niego t\u0142umu, a nie z powodu staro\u015bci i choroby. Umiera\u0142 nie w apartamentach i pi\u0119knej po\u015bcieli, otoczony najlepszymi lekarzami. Stawianie tych dw\u00f3ch \u015bmierci w jednym rz\u0119dzie jest blu\u017anierstwem. <\/font><\/li>\n<li style=\"text-align: justify;\" class=\"MsoNormal\"><font size=\"2\" color=\"#000033\">Uwa\u017cam za niesprawiedliwe i lekkomy\u015blne stwierdzenia, wedle kt\u00f3rych Jan Pawe\u0142 II mia\u0142by by\u0107 najwi\u0119kszym chrze\u015bcijaninem jakiego Polska wyda\u0142a od 2000 lat istnienia chrze\u015bcija\u0144stwa. Nikt ze wsp\u00f3\u0142czesnych nie umie czyta\u0107 w sercach ludzi i c\u00f3\u017c mo\u017cemy wiedzie\u0107 o wierze Polak\u00f3w \u017cyj\u0105cych 1000 czy 500 lat temu. Kilkaset lat temu Polska wyda\u0142a chrze\u015bcijan, kt\u00f3rych wiara zosta\u0142a sprawdzona w ci\u0119\u017ckich pr\u00f3bach, a swoje \u017cycie gotowi byli odda\u0107 za ewangeli\u0119. Za swoj\u0105 wiar\u0119 zostali prze\u015bladowani, torturowani i zabijani. Stawianie ich na dalszych miejscach uwa\u017cam za ignorancj\u0119 i niesprawiedliwo\u015b\u0107.<\/font><\/li>\n<li style=\"text-align: justify;\" class=\"MsoNormal\"><font size=\"2\" color=\"#000033\">Jakkolwiek cenne i m\u0105dre s\u0105 s\u0142owa nauki papie\u017ca, jednak\u017ce pragn\u0105\u0142 on by\u0107 s\u0142ug\u0105 Bo\u017cym i g\u0142osi\u0107 nauk\u0119 oraz wywy\u017csza\u0107 Jezusa. Tym bardziej wi\u0119c po jego \u015bmierci nale\u017cy m\u00f3wi\u0107 o nauce Jezusa, a nie papie\u017ca. <strong>Tymczasem nauka oraz osoba papie\u017ca w ostatnich dniach ca\u0142kowicie wypar\u0142a nauk\u0119 Jezusa.<\/strong> Chrystus jest niewidoczny, przys\u0142oni\u0119ty. Jest to ba\u0142wochwalstwem, kt\u00f3re czyni szkod\u0119 samemu Janowi Paw\u0142owi II, a tak\u017ce wydaje z\u0142e \u015bwiadectwo jego nauce. <\/font><\/li>\n<\/ul>\n<p><font size=\"2\" color=\"#000033\">Jeste\u015bmy lud\u017ami i jest czym\u015b zwyk\u0142ym i potrzebnym, \u017ce dokonujemy podsumowa\u0144, por\u00f3wna\u0144, ocen, a nawet os\u0105d\u00f3w. Anga\u017cujemy w nie nasz\u0105 najlepsz\u0105 wiedz\u0119 i najsilniejsze uczucia. S\u0105 jednak dziedziny, w kt\u00f3rych m\u0105dro\u015b\u0107 a tak\u017ce pokora wobec Boga, kt\u00f3ry &quot;nie odda swojej chwa\u0142y innemu&quot; <font size=\"1\">(Iz. 42, 8),<\/font> ka\u017ce nam zaczeka\u0107 w milczeniu na os\u0105d Najwy\u017cszego S\u0119dziego.<\/font><\/p>\n<p align=\"right\"><font size=\"2\" color=\"#000033\">Piotr Kubic<br \/><\/font><\/p>\n","protected":false},"excerpt":{"rendered":"<p class=\"MsoNormal\" ... \n\n","protected":false},"author":1,"featured_media":0,"comment_status":"open","ping_status":"open","sticky":false,"template":"","format":"standard","meta":{"footnotes":""},"categories":[130],"tags":[],"_links":{"self":[{"href":"http:\/\/niecodziennosc.kubic.info\/index.php?rest_route=\/wp\/v2\/posts\/8699"}],"collection":[{"href":"http:\/\/niecodziennosc.kubic.info\/index.php?rest_route=\/wp\/v2\/posts"}],"about":[{"href":"http:\/\/niecodziennosc.kubic.info\/index.php?rest_route=\/wp\/v2\/types\/post"}],"author":[{"embeddable":true,"href":"http:\/\/niecodziennosc.kubic.info\/index.php?rest_route=\/wp\/v2\/users\/1"}],"replies":[{"embeddable":true,"href":"http:\/\/niecodziennosc.kubic.info\/index.php?rest_route=%2Fwp%2Fv2%2Fcomments&post=8699"}],"version-history":[{"count":0,"href":"http:\/\/niecodziennosc.kubic.info\/index.php?rest_route=\/wp\/v2\/posts\/8699\/revisions"}],"wp:attachment":[{"href":"http:\/\/niecodziennosc.kubic.info\/index.php?rest_route=%2Fwp%2Fv2%2Fmedia&parent=8699"}],"wp:term":[{"taxonomy":"category","embeddable":true,"href":"http:\/\/niecodziennosc.kubic.info\/index.php?rest_route=%2Fwp%2Fv2%2Fcategories&post=8699"},{"taxonomy":"post_tag","embeddable":true,"href":"http:\/\/niecodziennosc.kubic.info\/index.php?rest_route=%2Fwp%2Fv2%2Ftags&post=8699"}],"curies":[{"name":"wp","href":"https:\/\/api.w.org\/{rel}","templated":true}]}}