{"id":8700,"date":"2005-04-08T10:28:16","date_gmt":"2005-04-08T08:28:16","guid":{"rendered":"http:\/\/niecodziennosc.kubic.info\/index.php\/2005\/04\/08\/zycie-po-porodzie\/"},"modified":"2005-04-08T10:28:16","modified_gmt":"2005-04-08T08:28:16","slug":"zycie-po-porodzie","status":"publish","type":"post","link":"http:\/\/niecodziennosc.kubic.info\/?p=8700","title":{"rendered":"\u017bycie po porodzie"},"content":{"rendered":"<p><font size=\"2\">Poni\u017cszy tekst otrzyma\u0142em od mojego dobrego znajomego. Poruszy\u0142 mnie tym bardziej, \u017ce od p\u00f3\u0142 roku \u017cyj\u0119 po trochu \u017cyciem naszego nie narodzonego jeszcze dziecka, z kt\u00f3rym mo\u017cna ju\u017c si\u0119 komunikowa\u0107 poprzez sk\u00f3r\u0105, tak napi\u0119t\u0105 na brzuchu przysz\u0142ej matki. <\/font><\/p>\n<p><font size=\"2\">&quot;W brzuchu ci\u0119\u017carnej kobiety by\u0142y bli\u017aniaki. Pierwszy zapyta\u0142 si\u0119 drugiego: <br \/>&#8211; Wierzysz w \u017cycie po porodzie? <br \/>&#8211; Jasne. Co\u015b musi tam by\u0107. Mnie si\u0119 wydaje, \u017ce my w\u0142a\u015bnie po to tu jeste\u015bmy, \u017ceby si\u0119 przygotowa\u0107 na to co b\u0119dzie potem. <br \/>&#8211; G\u0142upoty. \u017badnego \u017cycia po porodzie nie ma. Jak by mia\u0142o wygl\u0105da\u0107? <br \/>&#8211; No nie wiem, ale b\u0119dzie wi\u0119cej \u015bwiat\u0142a. Mo\u017ce b\u0119dziemy biega\u0107, a je\u015b\u0107 buzi\u0105&#8230;. <br \/>&#8211; No to przecie\u017c nie ma sensu! Biega\u0107 si\u0119 nie da! A kto widzia\u0142 \u017ceby je\u015b\u0107 ustami! Przecie\u017c \u017cywi nas p\u0119powina. <br \/>&#8211; No ja nie wiem, ale zobaczymy mam\u0119 a ona si\u0119 b\u0119dzie o nas troszczy\u0107. <br \/>&#8211; Mama? Ty wierzysz w mam\u0119? Kto to wed\u0142ug Ciebie w og\u00f3le jest? <br \/>&#8211; No przecie\u017c jest wsz\u0119dzie wok\u00f3\u0142 nas&#8230; Dzi\u0119ki niej \u017cyjemy. Bez niej by nas nie by\u0142o. <br \/>&#8211; Nie wierz\u0119! \u017badnej mamy jeszcze nie widzia\u0142em, czyli jej nie ma&#8230; <br \/>&#8211; No jak to? Przecie\u017c jak jeste\u015bmy cicho, mo\u017cesz pos\u0142ucha\u0107 jak \u015bpiewa, albo poczu\u0107 jak g\u0142aszcze nasz \u015bwiat. Wiesz, ja my\u015bl\u0119, \u017ce prawdziwe \u017cycie zaczyna si\u0119 p\u00f3\u017aniej.&quot;<\/font><\/p>\n","protected":false},"excerpt":{"rendered":"<p><font ...\n<\/p>\n","protected":false},"author":1,"featured_media":0,"comment_status":"open","ping_status":"open","sticky":false,"template":"","format":"standard","meta":{"footnotes":""},"categories":[130],"tags":[],"_links":{"self":[{"href":"http:\/\/niecodziennosc.kubic.info\/index.php?rest_route=\/wp\/v2\/posts\/8700"}],"collection":[{"href":"http:\/\/niecodziennosc.kubic.info\/index.php?rest_route=\/wp\/v2\/posts"}],"about":[{"href":"http:\/\/niecodziennosc.kubic.info\/index.php?rest_route=\/wp\/v2\/types\/post"}],"author":[{"embeddable":true,"href":"http:\/\/niecodziennosc.kubic.info\/index.php?rest_route=\/wp\/v2\/users\/1"}],"replies":[{"embeddable":true,"href":"http:\/\/niecodziennosc.kubic.info\/index.php?rest_route=%2Fwp%2Fv2%2Fcomments&post=8700"}],"version-history":[{"count":0,"href":"http:\/\/niecodziennosc.kubic.info\/index.php?rest_route=\/wp\/v2\/posts\/8700\/revisions"}],"wp:attachment":[{"href":"http:\/\/niecodziennosc.kubic.info\/index.php?rest_route=%2Fwp%2Fv2%2Fmedia&parent=8700"}],"wp:term":[{"taxonomy":"category","embeddable":true,"href":"http:\/\/niecodziennosc.kubic.info\/index.php?rest_route=%2Fwp%2Fv2%2Fcategories&post=8700"},{"taxonomy":"post_tag","embeddable":true,"href":"http:\/\/niecodziennosc.kubic.info\/index.php?rest_route=%2Fwp%2Fv2%2Ftags&post=8700"}],"curies":[{"name":"wp","href":"https:\/\/api.w.org\/{rel}","templated":true}]}}