{"id":8702,"date":"2005-03-21T01:40:58","date_gmt":"2005-03-21T00:40:58","guid":{"rendered":"http:\/\/niecodziennosc.kubic.info\/index.php\/2005\/03\/21\/czas-lotem-blyskawicy\/"},"modified":"2005-03-21T01:40:58","modified_gmt":"2005-03-21T00:40:58","slug":"czas-lotem-blyskawicy","status":"publish","type":"post","link":"http:\/\/niecodziennosc.kubic.info\/?p=8702","title":{"rendered":"Czas lotem b\u0142yskawicy"},"content":{"rendered":"<p><font size=\"2\">Patrz\u0119 na dat\u0119 ostatniego wpisu&#8230; chyba zajmuj\u0119 si\u0119 zbyt wieloma sprawami, bo nie odczuwam zupe\u0142nie tak szybko biegn\u0105cego czasu. Wczoraj by\u0142a premiera, a przy jej okazji szczeg\u00f3lne dla mnie wydarzenie &#8211; moje zdj\u0119cia w do\u015b\u0107 du\u017cej ilo\u015bci zamieszczone w kolorowym programie. Dobra okazja, \u017ceby podsumowa\u0107 dzia\u0142alno\u015b\u0107 fotograficzn\u0105, wyci\u0105gn\u0105\u0107 wnioski na przysz\u0142o\u015b\u0107&#8230;<\/font><\/p>\n<p><font size=\"2\">Lubi\u0119 zatopi\u0107 si\u0119 w jakim\u015b przedsi\u0119wzi\u0119ciu na 2-3 dni, ale p\u00f3\u017aniej potrzebuj\u0119 si\u0119 oderwa\u0107, odespa\u0107, zainteresowa\u0107 cho\u0107 na chwil\u0119 czym\u015b innym. Fascynuj\u0105ce s\u0105 ksi\u0105\u017cki, kt\u00f3rych tak niedocenia\u0142em b\u0119d\u0105c nastolatkiem. Dzi\u015b fascynuje mnie to, \u017ce mog\u0119 wzi\u0105\u0107 do r\u0119ki co\u015b, co zawiera wiedz\u0119 gromadzon\u0105 przez ca\u0142e pokolenia. Historie, zdj\u0119cia, analizy z miejsc, w kt\u00f3rych nigdy nie by\u0142em, albo sprzed 100 czy 1000 lat. Jak \u015bwietnie poczu\u0107 ogrom wysi\u0142k\u00f3w ludzkiego \u017cycia na przestrzeni wiek\u00f3w &#8211; opr\u00f3cz zwyk\u0142ych stara\u0144 utrzymania si\u0119 przy \u017cyciu, a\u017c do niesamowitych osi\u0105gni\u0119\u0107 ludzkiej wyobra\u017ani, kreacji, logiki, czy szczeg\u00f3lnie mi\u0142osierdzia, wsp\u00f3\u0142czucia, zdolno\u015bci przewidywania&#8230; <\/font><\/p>\n","protected":false},"excerpt":{"rendered":"<p><font size=\"2\">Patrz\u0119&#8230;<\/p>\n","protected":false},"author":1,"featured_media":0,"comment_status":"open","ping_status":"open","sticky":false,"template":"","format":"standard","meta":{"footnotes":""},"categories":[94],"tags":[],"_links":{"self":[{"href":"http:\/\/niecodziennosc.kubic.info\/index.php?rest_route=\/wp\/v2\/posts\/8702"}],"collection":[{"href":"http:\/\/niecodziennosc.kubic.info\/index.php?rest_route=\/wp\/v2\/posts"}],"about":[{"href":"http:\/\/niecodziennosc.kubic.info\/index.php?rest_route=\/wp\/v2\/types\/post"}],"author":[{"embeddable":true,"href":"http:\/\/niecodziennosc.kubic.info\/index.php?rest_route=\/wp\/v2\/users\/1"}],"replies":[{"embeddable":true,"href":"http:\/\/niecodziennosc.kubic.info\/index.php?rest_route=%2Fwp%2Fv2%2Fcomments&post=8702"}],"version-history":[{"count":0,"href":"http:\/\/niecodziennosc.kubic.info\/index.php?rest_route=\/wp\/v2\/posts\/8702\/revisions"}],"wp:attachment":[{"href":"http:\/\/niecodziennosc.kubic.info\/index.php?rest_route=%2Fwp%2Fv2%2Fmedia&parent=8702"}],"wp:term":[{"taxonomy":"category","embeddable":true,"href":"http:\/\/niecodziennosc.kubic.info\/index.php?rest_route=%2Fwp%2Fv2%2Fcategories&post=8702"},{"taxonomy":"post_tag","embeddable":true,"href":"http:\/\/niecodziennosc.kubic.info\/index.php?rest_route=%2Fwp%2Fv2%2Ftags&post=8702"}],"curies":[{"name":"wp","href":"https:\/\/api.w.org\/{rel}","templated":true}]}}