{"id":8704,"date":"2005-03-09T17:00:25","date_gmt":"2005-03-09T16:00:25","guid":{"rendered":"http:\/\/niecodziennosc.kubic.info\/index.php\/2005\/03\/09\/chory-w-domu\/"},"modified":"2005-03-09T17:00:25","modified_gmt":"2005-03-09T16:00:25","slug":"chory-w-domu","status":"publish","type":"post","link":"http:\/\/niecodziennosc.kubic.info\/?p=8704","title":{"rendered":"Chory &#8211; w domu"},"content":{"rendered":"<p><font size=\"2\">Chory raczej z przepracowania, ale autentycznie &#8211; wsciek\u0142y katar itd. Ale przecie\u017c nie b\u0119d\u0119 si\u0119 przed Wami t\u0142umaczy\u0142. Najwa\u017cniejsze, \u017ce siedz\u0119 teraz w kuchni, patrz\u0119 przez okno na \u015bnie\u017cyc\u0119, kt\u00f3ra zawija mrowiem p\u0142atk\u00f3w. Czasami niekt\u00f3re z nich lec\u0105 w moj\u0105 stron\u0119 i prawie odbijaj\u0105 si\u0119 od szyby. Zawracaj\u0105, jak zdziwione ptaki, \u017ce dalej lecie\u0107 nie mo\u017cna. Ach, znale\u017a\u0107 si\u0119 tam, na zewn\u0105trz, niech p\u0142atki otocz\u0105 mnie swoimi delikatnymi mu\u015bni\u0119ciami. Gdyby nie b\u00f3l gard\u0142a, mo\u017ce pokusi\u0142bym si\u0119 i zrealizowa\u0142 to pragnienie. <\/font><\/p>\n<p><font size=\"2\">O naiwyny, gdyby nie b\u00f3l gard\u0142a, to siedzia\u0142by\u015b teraz w pracy i by\u0107 mo\u017ce zauwa\u017cy\u0142, \u017ce co\u015b si\u0119 dzieje na zewn\u0105trz&#8230; <\/font><\/p>\n<p><font size=\"2\">Jestem na zwolnieniu, ci\u0105gle tyle spraw niedoko\u0144czonych, ludzi oczekuj\u0105cych na moj\u0105 prac\u0119. A ja sobie siedz\u0119 i patrz\u0119 za okno. O jaka\u015b m\u0142oda osoba drepce za\u015bnie\u017conym chodnikiem. Rano, oko\u0142o 10\u00a0widzia\u0142em trzy kobiety id\u0105ce od strony centrum. \u015arodkowa pali\u0142a papierosa. Sz\u0142y do\u015b\u0107 powoli, pomy\u015bla\u0142em &#8211; nie tylko ja mam troch\u0119 czasu. <\/font><\/p>\n<p><font size=\"2\">Pami\u0119tam, jak kiedy\u015b jakie\u015b 20 lat temu, na dzisiejszym placu targowym sta\u0142 barak z flipperami (grami komputerowymi). Ciemno\u015b\u0107 roz\u015bwietlana tylko poprzez 2 \u017car\u00f3wki oraz kolorowe monitory. Nie mieli\u015bmy komputer\u00f3w w domu, pr\u00f3bowali\u015bmy gra\u0107, ale w wi\u0119kszo\u015bci to przygl\u0105dali\u015bmy si\u0119, jak starzy wyjadacze radz\u0105 sobie ze zgraj\u0105 kosmicznych naje\u017ad\u017ac\u00f3w, albo z jazd\u0105 samochodem. Zawsze trudno by\u0142o si\u0119 zdecydowa\u0107, kiedy stamt\u0105d wyj\u015b\u0107 w ciemniej\u0105cy, zimowy krajobraz, by wreszcie dotrze\u0107 po szkole do domu. <\/font><\/p>\n<p><font size=\"2\">O! \u015anie\u017cyca usta\u0142a. Teraz tylko malutkie, bia\u0142e drobineczki unosz\u0105 si\u0119 powoli w powietrzu. Bawi\u0105 si\u0119, zawracaj\u0105, rzeczywi\u015bcie jak stado ma\u0142ych ptaszk\u00f3w. <\/font><\/p>\n","protected":false},"excerpt":{"rendered":"<p><font size=\"2\">Chory &#8230;<\/p>\n","protected":false},"author":1,"featured_media":0,"comment_status":"open","ping_status":"open","sticky":false,"template":"","format":"standard","meta":{"footnotes":""},"categories":[27],"tags":[],"_links":{"self":[{"href":"http:\/\/niecodziennosc.kubic.info\/index.php?rest_route=\/wp\/v2\/posts\/8704"}],"collection":[{"href":"http:\/\/niecodziennosc.kubic.info\/index.php?rest_route=\/wp\/v2\/posts"}],"about":[{"href":"http:\/\/niecodziennosc.kubic.info\/index.php?rest_route=\/wp\/v2\/types\/post"}],"author":[{"embeddable":true,"href":"http:\/\/niecodziennosc.kubic.info\/index.php?rest_route=\/wp\/v2\/users\/1"}],"replies":[{"embeddable":true,"href":"http:\/\/niecodziennosc.kubic.info\/index.php?rest_route=%2Fwp%2Fv2%2Fcomments&post=8704"}],"version-history":[{"count":0,"href":"http:\/\/niecodziennosc.kubic.info\/index.php?rest_route=\/wp\/v2\/posts\/8704\/revisions"}],"wp:attachment":[{"href":"http:\/\/niecodziennosc.kubic.info\/index.php?rest_route=%2Fwp%2Fv2%2Fmedia&parent=8704"}],"wp:term":[{"taxonomy":"category","embeddable":true,"href":"http:\/\/niecodziennosc.kubic.info\/index.php?rest_route=%2Fwp%2Fv2%2Fcategories&post=8704"},{"taxonomy":"post_tag","embeddable":true,"href":"http:\/\/niecodziennosc.kubic.info\/index.php?rest_route=%2Fwp%2Fv2%2Ftags&post=8704"}],"curies":[{"name":"wp","href":"https:\/\/api.w.org\/{rel}","templated":true}]}}