{"id":8706,"date":"2005-03-01T20:32:42","date_gmt":"2005-03-01T19:32:42","guid":{"rendered":"http:\/\/niecodziennosc.kubic.info\/index.php\/2005\/03\/01\/zawalilem\/"},"modified":"2005-03-01T20:32:42","modified_gmt":"2005-03-01T19:32:42","slug":"zawalilem","status":"publish","type":"post","link":"http:\/\/niecodziennosc.kubic.info\/?p=8706","title":{"rendered":"Zawali\u0142em"},"content":{"rendered":"<p><font size=\"2\">Tak, zawali\u0142em w pracy &#8211; zaniedbanie obowi\u0105zk\u00f3w, wynikaj\u0105ce, \u015bmieszne, po prostu z nieuwagi. Jak mo\u017cna nie zauwa\u017cy\u0107, \u017ce na harmonogramie zosta\u0142a wpisana pr\u00f3ba o 11 rano w sobot\u0119&#8230;? Mo\u017cna, zw\u0142aszcza, kiedy przez ca\u0142y tydzie\u0144 marzy si\u0119 o tej sobocie, o kilku godzinach spokoju, po kt\u00f3rych i tak trzeba przyj\u015b\u0107 na wieczorny spektakl&#8230;<\/font><\/p>\n<p><font size=\"2\">Oczyw\u015bcie, \u017ce najlepiej przyzna\u0107 si\u0119 od razu&#8230;. Ale nawet przyznawa\u0107 si\u0119 trzeba robi\u0107 z klas\u0105. Mnie to si\u0119 uda\u0142o po\u0142owicznie&#8230; niestety. Szef zaskoczy\u0142 mnie rozmow\u0105 podczas pracy i to jeszcze pod koniec dnia, kiedy wytrzyma\u0142o\u015b\u0107 jest ju\u017c i tak nadwyr\u0119\u017cona. Pr\u00f3buj\u0105c zachowa\u0107 twarz wyszed\u0142em raczej na beztroskiego lekkoducha. A niech to&#8230; <\/font><\/p>\n<p><font size=\"2\">Tak, prosta konsekwencja wymaga przyj\u0119cia kary na g\u0142ow\u0119. Jak mo\u017cna oczekiwa\u0107 pob\u0142a\u017cania, kiedy si\u0119 nawet o nie nie prosi? Kto\u015b by powiedzia\u0142 &#8211; wpad\u0142e\u015b we w\u0142asne sid\u0142a, wymagasz wysokiego poziomu od innych, a sam zawalasz. Tak, zawalam. Najwyra\u017aniej. <\/font><\/p>\n<p><font size=\"2\">Trzeba by\u0107 jeszcze lepszym, lepiej przewidywa\u0107, cz\u0119\u015bciej planowa\u0107, wyprzedza\u0107 problemy, a nade wszystko mie\u0107 wolny czas\u00a0&#8211; cho\u0107 troch\u0119, kiedy mo\u017cna wyci\u0105gn\u0105\u0107 g\u0142ow\u0119 jak peryskop ponad fale codzienno\u015bci, a nade wszystko ponad morze ludzkiej ma\u0142ostkowo\u015bci. <\/font><\/p>\n","protected":false},"excerpt":{"rendered":"<p><font size=\"2\">Tak, &#8230;<\/p>\n","protected":false},"author":1,"featured_media":0,"comment_status":"open","ping_status":"open","sticky":false,"template":"","format":"standard","meta":{"footnotes":""},"categories":[94],"tags":[],"_links":{"self":[{"href":"http:\/\/niecodziennosc.kubic.info\/index.php?rest_route=\/wp\/v2\/posts\/8706"}],"collection":[{"href":"http:\/\/niecodziennosc.kubic.info\/index.php?rest_route=\/wp\/v2\/posts"}],"about":[{"href":"http:\/\/niecodziennosc.kubic.info\/index.php?rest_route=\/wp\/v2\/types\/post"}],"author":[{"embeddable":true,"href":"http:\/\/niecodziennosc.kubic.info\/index.php?rest_route=\/wp\/v2\/users\/1"}],"replies":[{"embeddable":true,"href":"http:\/\/niecodziennosc.kubic.info\/index.php?rest_route=%2Fwp%2Fv2%2Fcomments&post=8706"}],"version-history":[{"count":0,"href":"http:\/\/niecodziennosc.kubic.info\/index.php?rest_route=\/wp\/v2\/posts\/8706\/revisions"}],"wp:attachment":[{"href":"http:\/\/niecodziennosc.kubic.info\/index.php?rest_route=%2Fwp%2Fv2%2Fmedia&parent=8706"}],"wp:term":[{"taxonomy":"category","embeddable":true,"href":"http:\/\/niecodziennosc.kubic.info\/index.php?rest_route=%2Fwp%2Fv2%2Fcategories&post=8706"},{"taxonomy":"post_tag","embeddable":true,"href":"http:\/\/niecodziennosc.kubic.info\/index.php?rest_route=%2Fwp%2Fv2%2Ftags&post=8706"}],"curies":[{"name":"wp","href":"https:\/\/api.w.org\/{rel}","templated":true}]}}