{"id":8734,"date":"2014-03-22T20:09:44","date_gmt":"2014-03-22T19:09:44","guid":{"rendered":"http:\/\/niecodziennosc.kubic.info\/?p=8734"},"modified":"2019-03-24T20:12:45","modified_gmt":"2019-03-24T19:12:45","slug":"didaskalia-i-park-wodny","status":"publish","type":"post","link":"http:\/\/niecodziennosc.kubic.info\/?p=8734","title":{"rendered":"Didaskalia i park wodny"},"content":{"rendered":"\n<h4 class=\"wp-block-heading\">Zapraszam do czytania tekstu oraz ogl\u0105dania zdj\u0119\u0107<\/h4>\n\n\n\n<h3 class=\"wp-block-heading\">Publicystyka<\/h3>\n\n\n\n<figure class=\"wp-block-image\"><a href=\"http:\/\/patrz.kubic.info\/index.php\/2014\/03\/szum-jest-w-nas-o-docieraniu-do-prawdy\/\" target=\"_blank\" rel=\"noreferrer noopener\"><img decoding=\"async\" src=\"http:\/\/patrz.kubic.info\/wp-content\/uploads\/2013\/10\/didaskalia-piotr-kubic-400px.jpg\" alt=\"Didaskalia - ok\u0142adka pa\u017adziernik 2013\"\/><\/a><\/figure>\n\n\n\n<p>Na <a href=\"http:\/\/patrz.kubic.info\/index.php\/2014\/03\/szum-jest-w-nas-o-docieraniu-do-prawdy\/\" target=\"_blank\" rel=\"noreferrer noopener\">blogu fotograficznym<\/a> zamie\u015bci\u0142em tekst, kt\u00f3ry zosta\u0142 opublikowany w <em>Didaskaliach &#8211; Gazecie Teatralnej<\/em> w pa\u017adzierniku 2013 roku. Jest to m\u00f3j g\u0142os w dyskusji na temat tworzenia iluzji w teatrze, by w ten spos\u00f3b dociera\u0107 do <em>prawdy<\/em>.<\/p>\n\n\n\n<h3 class=\"wp-block-heading\">Fotografia<\/h3>\n\n\n\n<figure class=\"wp-block-image\"><a href=\"http:\/\/tworcy.kubic.info\/2014\/03\/mrozek-w-aquaparku\/\" target=\"_blank\" rel=\"noreferrer noopener\"><img decoding=\"async\" src=\"http:\/\/tworcy.kubic.info\/wp-content\/uploads\/2014\/03\/01Karnawa%C5%8202-0042-Edit1.jpg\" alt=\"Sesja fotograficzna do spektaklu Karnawa\u0142... S\u0142awomira Mro\u017cka\"\/><\/a><\/figure>\n\n\n\n<p>Z kolei na stronie <a href=\"http:\/\/tworcy.kubic.info\/2014\/03\/mrozek-w-aquaparku\/\" target=\"_blank\" rel=\"noreferrer noopener\">www.tworcy.kubic.info<\/a> &#8211; zdj\u0119cia z niecodziennej sesji fotograficznej do spektaklu teatralnego S\u0142awomira Mro\u017cka, kt\u00f3ra odby\u0142a si\u0119&#8230; w aquaparku.<\/p>\n","protected":false},"excerpt":{"rendered":"<p>Zapraszam do czytania tekstu oraz ogl\u0105dania zdj\u0119\u0107 Publicystyka Na blogu fotograficznym zamie\u015bci\u0142em tekst, kt\u00f3ry zosta\u0142 opublikowany w Didaskaliach &#8211; Gazecie Teatralnej w pa\u017adzierniku 2013 roku. Jest to m\u00f3j g\u0142os w dyskusji na temat tworzenia iluzji w teatrze, by w ten spos\u00f3b dociera\u0107 do prawdy. Fotografia Z kolei na stronie www.tworcy.kubic.info &#8211; zdj\u0119cia z niecodziennej sesji &hellip; <\/p>\n<p class=\"link-more\"><a href=\"http:\/\/niecodziennosc.kubic.info\/?p=8734\" class=\"more-link\">Czytaj dalej<span class=\"screen-reader-text\"> \u201eDidaskalia i park wodny\u201d<\/span><\/a><\/p>\n","protected":false},"author":1,"featured_media":0,"comment_status":"open","ping_status":"open","sticky":false,"template":"","format":"standard","meta":{"footnotes":""},"categories":[50],"tags":[339,532,880,70,166],"_links":{"self":[{"href":"http:\/\/niecodziennosc.kubic.info\/index.php?rest_route=\/wp\/v2\/posts\/8734"}],"collection":[{"href":"http:\/\/niecodziennosc.kubic.info\/index.php?rest_route=\/wp\/v2\/posts"}],"about":[{"href":"http:\/\/niecodziennosc.kubic.info\/index.php?rest_route=\/wp\/v2\/types\/post"}],"author":[{"embeddable":true,"href":"http:\/\/niecodziennosc.kubic.info\/index.php?rest_route=\/wp\/v2\/users\/1"}],"replies":[{"embeddable":true,"href":"http:\/\/niecodziennosc.kubic.info\/index.php?rest_route=%2Fwp%2Fv2%2Fcomments&post=8734"}],"version-history":[{"count":1,"href":"http:\/\/niecodziennosc.kubic.info\/index.php?rest_route=\/wp\/v2\/posts\/8734\/revisions"}],"predecessor-version":[{"id":8735,"href":"http:\/\/niecodziennosc.kubic.info\/index.php?rest_route=\/wp\/v2\/posts\/8734\/revisions\/8735"}],"wp:attachment":[{"href":"http:\/\/niecodziennosc.kubic.info\/index.php?rest_route=%2Fwp%2Fv2%2Fmedia&parent=8734"}],"wp:term":[{"taxonomy":"category","embeddable":true,"href":"http:\/\/niecodziennosc.kubic.info\/index.php?rest_route=%2Fwp%2Fv2%2Fcategories&post=8734"},{"taxonomy":"post_tag","embeddable":true,"href":"http:\/\/niecodziennosc.kubic.info\/index.php?rest_route=%2Fwp%2Fv2%2Ftags&post=8734"}],"curies":[{"name":"wp","href":"https:\/\/api.w.org\/{rel}","templated":true}]}}