{"id":8736,"date":"2013-03-10T20:14:09","date_gmt":"2013-03-10T19:14:09","guid":{"rendered":"http:\/\/niecodziennosc.kubic.info\/?p=8736"},"modified":"2019-03-24T20:15:32","modified_gmt":"2019-03-24T19:15:32","slug":"depresja-postpremierowa-2","status":"publish","type":"post","link":"http:\/\/niecodziennosc.kubic.info\/?p=8736","title":{"rendered":"Depresja postpremierowa"},"content":{"rendered":"\n<p>Pisz\u0119 i tu ciesz\u0119 si\u0119, \u017ce mog\u0119 pisa\u0107 to, co mi si\u0119 chce i jak chc\u0119. Nie tak jak na blogu na <a href=\"http:\/\/www.tokfm.pl\/blogi\/patrzec-po-pros\" target=\"_blank\" rel=\"noreferrer noopener\">tokfm<\/a>, gdzie ju\u017c za\u0142apa\u0142em, jakie powinny by\u0107 teksty, \u017ceby si\u0119 wpisa\u0107 w tamten portal. I nie tak jak na <a href=\"http:\/\/patrz.kubic.info\/\" target=\"_blank\" rel=\"noreferrer noopener\">patrz<\/a>, gdzie te\u017c powinienem pisa\u0107 z g\u0142ow\u0105 i sensem.<\/p>\n\n\n\n<p>Trzeba przyj\u0105\u0107 to za atut, \u017ce nie przeskocz\u0119 sam siebie. Skoro nie \njestem specem od polszczyzny, to nie ma si\u0119 co sili\u0107, \u017ce jestem. Skoro \nwiem tyle, ile wiem, i jestem jaki jestem, to taki jestem. A niech tam \nkto\u015b narzeka, \u017ce blogi to \u015bmietnisko XXI wieku, podobnie jak kto\u015b inny \nnarzeka, \u017ce dzi\u015b \u015bwiat jest &#8222;zarzygany fotografiami&#8221;. S\u0142ysz\u0119 czasem to \nubolewanie, widz\u0119 kiwanie g\u0142ow\u0105, ba, nawet sam ubolewam i kiwam, bo to \n\u0142atwo mi przychodzi. Wszystko jedno! Nie obchodzi mnie to &#8211; czy mi \u0142atwo\n przychodzi, czy trudno, czy jestem oryginalny i tw\u00f3rczy, czy tylko \noryginalny, albo nawet i nieoryginalny.<\/p>\n\n\n\n<p>Jaka to wolno\u015b\u0107!<\/p>\n\n\n\n<p>No wi\u0119c o co mi chodzi? Chyba o to, \u017ce przej\u0105\u0142em si\u0119 t\u0105 premier\u0105, a \nteraz jest ju\u017c po premierze i koledzy poszli odreagowa\u0107, a ja nie. I mam\n poczucie, \u017ce co\u015b si\u0119 sko\u0144czy\u0142o i ju\u017c nie wr\u00f3ci. A mam je pewnie \ndlatego, \u017ce po prostu dawno ju\u017c tak przy premierze nie siedzia\u0142em i nie \nwczu\u0142em si\u0119, cho\u0107 sam pewnie bym temu zaprzeczy\u0142. Bo czy ta premiera \nby\u0142a inna, lepsza od poprzednich? A kto to wie? Krytyk nie wie niczego, \nmusi tylko wyrobi\u0107 wiersz\u00f3wk\u0119, wi\u0119c co\u015b tam sp\u0142odzi. Widzowie dziel\u0105 si\u0119\n na dwie grupy, a zreszt\u0105 obie, bez wzgl\u0119du na to, co twierdz\u0105, s\u0105 do \nsiebie podobne, wi\u0119c szkoda wi\u0119cej o nich pisa\u0107. A aktor &#8211; co on wie o \nsamej premierze, skoro harowa\u0142 na niej, stawa\u0142 na g\u0142owie, na jednej r\u0119ce\n i w og\u00f3le wychodzi\u0142 z siebie, bo to premiera, i inaczej nie wypada&#8230;<\/p>\n\n\n\n<p>Patrz\u0105c wi\u0119c na ludzi, kt\u00f3rzy dzi\u015b na scenie odwalili kawa\u0142 \u015bwietnej \nhar\u00f3wki, a potem siedz\u0105 zm\u0119czeni, zastanawiam si\u0119, po co to wszystko &#8211; \nte dochodzenia, analizy ka\u017cdego grymasu, najmniejszego paluszka i czy \nskin\u0105\u0142 we w\u0142a\u015bciw\u0105 stron\u0119; dyskusje, nieko\u0144cz\u0105ce si\u0119 pr\u00f3by setek \nwariant\u00f3w &#8211; sytuacji, \u015bwiat\u0142a, intonacji, skrzek\u00f3w z g\u0142o\u015bnika &#8211; prawego,\n lewego albo tylnego&#8230; Czy kto\u015b, kto siedzi na widowni, ma o tym \npoj\u0119cie, albo raczej, czy to poj\u0119cie do czego\u015b by\u0142oby mu potrzebne. Czy \nto jak kromka chleba, o kt\u00f3rego pieczeniu nie wiemy nic; co najwy\u017cej, \njak nam nie podchodzi, do dajemy wr\u00f3blom albo po prostu \u0142adujemy do \nkosza; i kupujemy zaraz inny.<\/p>\n","protected":false},"excerpt":{"rendered":"<p>Pisz\u0119 i tu ciesz\u0119 si\u0119, \u017ce mog\u0119 pisa\u0107 to, co mi si\u0119 chce i jak chc\u0119. Nie tak jak na blogu na tokfm, gdzie ju\u017c za\u0142apa\u0142em, jakie powinny by\u0107 teksty, \u017ceby si\u0119 wpisa\u0107 w tamten portal. I nie tak jak na patrz, gdzie te\u017c powinienem pisa\u0107 z g\u0142ow\u0105 i sensem. Trzeba przyj\u0105\u0107 to za atut, &hellip; <\/p>\n<p class=\"link-more\"><a href=\"http:\/\/niecodziennosc.kubic.info\/?p=8736\" class=\"more-link\">Czytaj dalej<span class=\"screen-reader-text\"> \u201eDepresja postpremierowa\u201d<\/span><\/a><\/p>\n","protected":false},"author":1,"featured_media":0,"comment_status":"open","ping_status":"open","sticky":false,"template":"","format":"standard","meta":{"footnotes":""},"categories":[50],"tags":[70],"_links":{"self":[{"href":"http:\/\/niecodziennosc.kubic.info\/index.php?rest_route=\/wp\/v2\/posts\/8736"}],"collection":[{"href":"http:\/\/niecodziennosc.kubic.info\/index.php?rest_route=\/wp\/v2\/posts"}],"about":[{"href":"http:\/\/niecodziennosc.kubic.info\/index.php?rest_route=\/wp\/v2\/types\/post"}],"author":[{"embeddable":true,"href":"http:\/\/niecodziennosc.kubic.info\/index.php?rest_route=\/wp\/v2\/users\/1"}],"replies":[{"embeddable":true,"href":"http:\/\/niecodziennosc.kubic.info\/index.php?rest_route=%2Fwp%2Fv2%2Fcomments&post=8736"}],"version-history":[{"count":1,"href":"http:\/\/niecodziennosc.kubic.info\/index.php?rest_route=\/wp\/v2\/posts\/8736\/revisions"}],"predecessor-version":[{"id":8737,"href":"http:\/\/niecodziennosc.kubic.info\/index.php?rest_route=\/wp\/v2\/posts\/8736\/revisions\/8737"}],"wp:attachment":[{"href":"http:\/\/niecodziennosc.kubic.info\/index.php?rest_route=%2Fwp%2Fv2%2Fmedia&parent=8736"}],"wp:term":[{"taxonomy":"category","embeddable":true,"href":"http:\/\/niecodziennosc.kubic.info\/index.php?rest_route=%2Fwp%2Fv2%2Fcategories&post=8736"},{"taxonomy":"post_tag","embeddable":true,"href":"http:\/\/niecodziennosc.kubic.info\/index.php?rest_route=%2Fwp%2Fv2%2Ftags&post=8736"}],"curies":[{"name":"wp","href":"https:\/\/api.w.org\/{rel}","templated":true}]}}