{"id":8813,"date":"2011-11-04T17:11:16","date_gmt":"2011-11-04T16:11:16","guid":{"rendered":"http:\/\/niecodziennosc.kubic.info\/?p=8813"},"modified":"2019-04-11T17:12:48","modified_gmt":"2019-04-11T15:12:48","slug":"powrot-2","status":"publish","type":"post","link":"http:\/\/niecodziennosc.kubic.info\/?p=8813","title":{"rendered":"Powr\u00f3t"},"content":{"rendered":"\n<p>Po dw\u00f3ch dniach nieobecno\u015bci &#8211; wreszcie dzi\u015b w domu, po \n23 wieczorem. W kuchni &#8211; tyka g\u0142o\u015bno, zawzi\u0119cie, pewnie nowy zegar. \nSzukam go wzrokiem na szafce, przy \u015bwietle lampki nad zlewem ukazuje si\u0119\n w ko\u0144cu oparty na parapecie, du\u017cy niczym moja g\u0142owa. Sekundnik jak \npalec wskazuj\u0105cy zrywa si\u0119 rytmicznie, by wyl\u0105dowa\u0107 z dr\u017ceniem na \nkolejnej kropce. Chrz\u0119\u015bci. <\/p>\n\n\n\n<p>Kiedy\u015b noc\u0105, w bezradnej bezsenno\u015bci,\n tyka\u0142y dwa zegary, w oddaleniu kuchni i pokoju, a ich d\u017awi\u0119k w miar\u0119 \ntykania rozkrusza\u0142 si\u0119 na k\u00f3\u0142ka z\u0119bate i zapadki, skryte wewn\u0105trz, \ns\u0142yszalne w ko\u0144cu, w otch\u0142ani mrocznej ciszy. <\/p>\n\n\n\n<p>Teraz jeszcze \nwidok p\u0119dz\u0105cego asfaltu i opar\u00f3w mg\u0142y. P\u0119d zwalnia od kiedy wje\u017cd\u017cam na \npodw\u00f3rko. Ostatnie chwile s\u0105 najmniej cierpliwe, tak trudno dotrze\u0107 \nprzez pi\u0119tna\u015bcie metr\u00f3w do drzwi, trudno przebrn\u0105\u0107 przez plac by zamkn\u0105\u0107\n bram\u0119, z baga\u017cnika wrzuci\u0107 na si\u0119 ci\u0119\u017cki plecak; wyci\u0105gn\u0105\u0107 klucze, \nstoj\u0105c ju\u017c przed wej\u015bciem &#8211; to udr\u0119ka. Zdj\u0105\u0107 kurtk\u0119 i buty, w\u0142o\u017cy\u0107 \nkapcie, mn\u00f3stwo nieproduktywnych, zb\u0119dnych czynno\u015bci, ci\u0105gn\u0105cych si\u0119 bez\n ko\u0144ca. <\/p>\n\n\n\n<p>P\u0119d musi zwolni\u0107 przed snem. Sekundnik zwalnia, chrz\u0119st \nzegara zwalnia, ja zwalniam, \u015bwiat\u0142o lampki zwalnia; nie my\u015bl\u0119, nie \nczuj\u0119, \u017cegnam dzie\u0144, \u017cegnam bliskich, ch\u0142odno wr\u0119cz, wybaczcie&#8230; \nJestem, my\u015bl\u0119, lecz uciekam od czucia, by zapa\u015b\u0107 w spok\u00f3j, w ko\u0144cu mo\u017ce,\n w sen.<\/p>\n","protected":false},"excerpt":{"rendered":"<p>Po dw\u00f3ch dniach nieobecno\u015bci &#8211; wreszcie dzi\u015b w domu, po 23 wieczorem. W kuchni &#8211; tyka g\u0142o\u015bno, zawzi\u0119cie, pewnie nowy zegar. Szukam go wzrokiem na szafce, przy \u015bwietle lampki nad zlewem ukazuje si\u0119 w ko\u0144cu oparty na parapecie, du\u017cy niczym moja g\u0142owa. Sekundnik jak palec wskazuj\u0105cy zrywa si\u0119 rytmicznie, by wyl\u0105dowa\u0107 z dr\u017ceniem na kolejnej &hellip; <\/p>\n<p class=\"link-more\"><a href=\"http:\/\/niecodziennosc.kubic.info\/?p=8813\" class=\"more-link\">Czytaj dalej<span class=\"screen-reader-text\"> \u201ePowr\u00f3t\u201d<\/span><\/a><\/p>\n","protected":false},"author":1,"featured_media":0,"comment_status":"open","ping_status":"open","sticky":false,"template":"","format":"standard","meta":{"footnotes":""},"categories":[27],"tags":[719,208],"_links":{"self":[{"href":"http:\/\/niecodziennosc.kubic.info\/index.php?rest_route=\/wp\/v2\/posts\/8813"}],"collection":[{"href":"http:\/\/niecodziennosc.kubic.info\/index.php?rest_route=\/wp\/v2\/posts"}],"about":[{"href":"http:\/\/niecodziennosc.kubic.info\/index.php?rest_route=\/wp\/v2\/types\/post"}],"author":[{"embeddable":true,"href":"http:\/\/niecodziennosc.kubic.info\/index.php?rest_route=\/wp\/v2\/users\/1"}],"replies":[{"embeddable":true,"href":"http:\/\/niecodziennosc.kubic.info\/index.php?rest_route=%2Fwp%2Fv2%2Fcomments&post=8813"}],"version-history":[{"count":1,"href":"http:\/\/niecodziennosc.kubic.info\/index.php?rest_route=\/wp\/v2\/posts\/8813\/revisions"}],"predecessor-version":[{"id":8814,"href":"http:\/\/niecodziennosc.kubic.info\/index.php?rest_route=\/wp\/v2\/posts\/8813\/revisions\/8814"}],"wp:attachment":[{"href":"http:\/\/niecodziennosc.kubic.info\/index.php?rest_route=%2Fwp%2Fv2%2Fmedia&parent=8813"}],"wp:term":[{"taxonomy":"category","embeddable":true,"href":"http:\/\/niecodziennosc.kubic.info\/index.php?rest_route=%2Fwp%2Fv2%2Fcategories&post=8813"},{"taxonomy":"post_tag","embeddable":true,"href":"http:\/\/niecodziennosc.kubic.info\/index.php?rest_route=%2Fwp%2Fv2%2Ftags&post=8813"}],"curies":[{"name":"wp","href":"https:\/\/api.w.org\/{rel}","templated":true}]}}