{"id":8817,"date":"2010-10-15T20:38:32","date_gmt":"2010-10-15T18:38:32","guid":{"rendered":"http:\/\/niecodziennosc.kubic.info\/?p=8817"},"modified":"2019-05-05T01:42:19","modified_gmt":"2019-05-04T23:42:19","slug":"jestem-przedwiosnie","status":"publish","type":"post","link":"http:\/\/niecodziennosc.kubic.info\/?p=8817","title":{"rendered":"jestem (przedwio\u015bnie)"},"content":{"rendered":"\n<p>Pami\u0119tam taki szczeg\u00f3\u0142, niewiele znacz\u0105cy&#8230; Z \nprzedwio\u015bnia, kiedy jeszcze och\u0142apy \u015bniegu le\u017ca\u0142y w\u015br\u00f3d promieni ledwo \nprzezieraj\u0105cego przez chmury s\u0142o\u0144ca. Jak to w mie\u015bcie, \u015bnieg brudny \nraczej, ale tam, wtedy, na p\u0119tli tramwajowej, zachowa\u0142o si\u0119 jeszcze \ntroch\u0119 bieli&#8230; Zaraz, a mo\u017ce nie by\u0142o ju\u017c wtedy \u015bniegu? Bo pami\u0119tam \nraczej suche k\u0119pki kurzu, i suchy wiatr&#8230; Ten zapach, tak r\u00f3\u017cny od \nzimowego, ekscytuj\u0105cy, cho\u0107 jeszcze niewinny wobec wiosennej eksplozji. <\/p>\n\n\n\n<p>Podmuch\n powietrza podni\u00f3s\u0142 z ziemi kawa\u0142ek kartki, opar\u0142a si\u0119 u podn\u00f3\u017ca wiaty, \ntam, gdzie wsporniki wchodz\u0105 pomi\u0119dzy p\u0142yty chodnikowe. Podnios\u0142em j\u0105. \nBy\u0142o na niej r\u00f3wne pismo, do\u015b\u0107 wyra\u017ane i nie\u017ale zachowane na odartej \nkartce. <\/p>\n\n\n\n<blockquote class=\"wp-block-quote is-layout-flow wp-block-quote-is-layout-flow\"><p><em>\ufeffTak,  jestem z t\u0105 kobiet\u0105. Zdecydowa\u0142em kiedy\u015b, \u017ce z ni\u0105 jestem, co oznacza  jednocze\u015bnie, \u017ce jestem zawsze. Na zawo\u0142anie, kiedy jej si\u0119 chce, i  kiedy nie. Kiedy ma humor, i kiedy ca\u0142ymi dniami jest nieobecna.  Zobowi\u0105za\u0142em si\u0119, \u017ce b\u0119d\u0119; b\u0119d\u0119 znosi\u0142 te rozmowy nieko\u0144cz\u0105ce si\u0119, jej  milczenie i moje oczekiwanie na odpowied\u017a, i jej zaprzeczanie moim  uczuciom. Jej niezdecydowanie oraz to zdecydowanie &#8211; tak silne,  ostateczne, bezwzgl\u0119dne. I \u017ce b\u0119d\u0119 czeka\u0142, wyci\u0105ga\u0142 r\u0119k\u0119, pr\u00f3bowa\u0142. A  jak to zrobi\u0119, to ju\u017c moja sprawa.<\/em><\/p><\/blockquote>\n","protected":false},"excerpt":{"rendered":"<p>Pami\u0119tam taki szczeg\u00f3\u0142, niewiele znacz\u0105cy&#8230; Z przedwio\u015bnia, kiedy jeszcze och\u0142apy \u015bniegu le\u017ca\u0142y w\u015br\u00f3d promieni ledwo przezieraj\u0105cego przez chmury s\u0142o\u0144ca. Jak to w mie\u015bcie, \u015bnieg brudny raczej, ale tam, wtedy, na p\u0119tli tramwajowej, zachowa\u0142o si\u0119 jeszcze troch\u0119 bieli&#8230; Zaraz, a mo\u017ce nie by\u0142o ju\u017c wtedy \u015bniegu? Bo pami\u0119tam raczej suche k\u0119pki kurzu, i suchy wiatr&#8230; Ten &hellip; <\/p>\n<p class=\"link-more\"><a href=\"http:\/\/niecodziennosc.kubic.info\/?p=8817\" class=\"more-link\">Czytaj dalej<span class=\"screen-reader-text\"> \u201ejestem (przedwio\u015bnie)\u201d<\/span><\/a><\/p>\n","protected":false},"author":1,"featured_media":0,"comment_status":"open","ping_status":"open","sticky":false,"template":"","format":"standard","meta":{"footnotes":""},"categories":[27,909],"tags":[590,894,38,638],"_links":{"self":[{"href":"http:\/\/niecodziennosc.kubic.info\/index.php?rest_route=\/wp\/v2\/posts\/8817"}],"collection":[{"href":"http:\/\/niecodziennosc.kubic.info\/index.php?rest_route=\/wp\/v2\/posts"}],"about":[{"href":"http:\/\/niecodziennosc.kubic.info\/index.php?rest_route=\/wp\/v2\/types\/post"}],"author":[{"embeddable":true,"href":"http:\/\/niecodziennosc.kubic.info\/index.php?rest_route=\/wp\/v2\/users\/1"}],"replies":[{"embeddable":true,"href":"http:\/\/niecodziennosc.kubic.info\/index.php?rest_route=%2Fwp%2Fv2%2Fcomments&post=8817"}],"version-history":[{"count":1,"href":"http:\/\/niecodziennosc.kubic.info\/index.php?rest_route=\/wp\/v2\/posts\/8817\/revisions"}],"predecessor-version":[{"id":8818,"href":"http:\/\/niecodziennosc.kubic.info\/index.php?rest_route=\/wp\/v2\/posts\/8817\/revisions\/8818"}],"wp:attachment":[{"href":"http:\/\/niecodziennosc.kubic.info\/index.php?rest_route=%2Fwp%2Fv2%2Fmedia&parent=8817"}],"wp:term":[{"taxonomy":"category","embeddable":true,"href":"http:\/\/niecodziennosc.kubic.info\/index.php?rest_route=%2Fwp%2Fv2%2Fcategories&post=8817"},{"taxonomy":"post_tag","embeddable":true,"href":"http:\/\/niecodziennosc.kubic.info\/index.php?rest_route=%2Fwp%2Fv2%2Ftags&post=8817"}],"curies":[{"name":"wp","href":"https:\/\/api.w.org\/{rel}","templated":true}]}}