{"id":9223,"date":"2019-07-04T09:04:09","date_gmt":"2019-07-04T07:04:09","guid":{"rendered":"http:\/\/niecodziennosc.kubic.info\/?p=9223"},"modified":"2019-08-17T23:41:25","modified_gmt":"2019-08-17T21:41:25","slug":"pietnascie-stopni-celsjusza","status":"publish","type":"post","link":"http:\/\/niecodziennosc.kubic.info\/?p=9223","title":{"rendered":"pi\u0119tna\u015bcie stopni Celsjusza"},"content":{"rendered":"\n<p>Dzi\u015b, temperatura, rano i wieczorem, nie wznios\u0142a si\u0119 powy\u017cej pi\u0119tnastu stopni. Fakt ten godny jest odnotowania wobec fali westchnie\u0144, jaka w ostatnich dniach p\u0142yn\u0119\u0142a od strony ludu powszechnego, z powodu dr\u0119cz\u0105cej temperatury. W ci\u0105gu dnia, owszem, by\u0142o gor\u0105co, ale ju\u017c nie tak bardzo, jak przez kilka ostatnich dni. <\/p>\n\n\n\n<div class=\"wp-block-image\"><figure class=\"aligncenter\"><img fetchpriority=\"high\" decoding=\"async\" width=\"600\" height=\"400\" src=\"http:\/\/niecodziennosc.kubic.info\/wp-content\/uploads\/F1A8661fotPiotrKubic.jpg\" alt=\"\" class=\"wp-image-9233\"\/><\/figure><\/div>\n\n\n\n<p>Stan pogody nie jest wysokich lot\u00f3w tematem. Podobno pojawia si\u0119 wtedy, gdy o czymkolwiek innym trudno porozmawia\u0107. A mimo trudno\u015bci, rozm\u00f3wcy nie poddaj\u0105 si\u0119 i prowadz\u0105 gr\u0119 na czas, podczas kt\u00f3rej poszukuj\u0105 wytworniejszych punkt\u00f3w zaczepienia. <\/p>\n\n\n\n<p>Czy jednak rozwa\u017canie pt. \u201ekiedy pojawia si\u0119 temat pogody\u201d, nie jest jeszcze bardziej miernym tematem, od samej pogody?<\/p>\n\n\n\n<p>Zacznijmy jeszcze raz. Dzi\u015b temperatura spad\u0142a\u2026 By\u0142o po prostu ch\u0142odniej ni\u017c wczoraj i przedwczoraj, ni\u017c przez kilka ostatnich dni. Nie chodzi jednak o to, \u017ce umilk\u0142y westchnienia znajomych, przechodni\u00f3w, pracownik\u00f3w, ekspedientek, tramwajarzy (tych, kt\u00f3rzy nie maj\u0105 w kabinie klimatyzacji). Chodzi o to, \u017ce spadek temperatury o dziesi\u0119\u0107 stopni zmienia ogl\u0105d \u015bwiata, zmienia jego miejsce ludzkiej na skali wra\u017ce\u0144, \u017ce to jak przej\u015bcie do innego kontynentu, innej strefy klimatycznej, innej epoki dziejowej. <\/p>\n\n\n\n<p>Mo\u017ce to spos\u00f3b na ciekawsze \u017cycie  \u2013 uwra\u017cliwi\u0107 si\u0119 na takie bana\u0142y. Antek nie podr\u00f3\u017cuje, nie chodzi od kina, nie zagl\u0105da do klub\u00f3w, ksi\u0105\u017cki czyta mi\u0119dzy przystankami tramwaju albo w wc, w czym podwy\u017cszona temperatura otoczenia nie przeszkadza mu wcale. Po prostu chodzi do pracy, jak r\u00f3wnie\u017c je, \u015bpi i zajmuje si\u0119 mn\u00f3stwem drobnych zada\u0144, przy czym stara si\u0119 \u017cadnego z nich nie olewa\u0107. Czasem czyta gazet\u0119, zastanawia si\u0119 nad polityk\u0105, martwi o zmiany klimatyczne i nadmiar plastiku. Wydaje si\u0119 wi\u0119c zwyk\u0142ym, porz\u0105dnym, wype\u0142niaj\u0105cym swoje obowi\u0105zki cz\u0142owiekiem. Czy to potrzeba religii sprawi\u0142a, \u017ce ze mian temperatury czyni\u0142 swoje \u015bwi\u0119to?<\/p>\n\n\n\n<p><br><\/p>\n","protected":false},"excerpt":{"rendered":"<p>Dzi\u015b, temperatura, rano i wieczorem, nie wznios\u0142a si\u0119 powy\u017cej pi\u0119tnastu stopni. Fakt ten godny jest odnotowania wobec fali westchnie\u0144, jaka w ostatnich dniach p\u0142yn\u0119\u0142a od strony ludu powszechnego, z powodu dr\u0119cz\u0105cej temperatury. W ci\u0105gu dnia, owszem, by\u0142o gor\u0105co, ale ju\u017c nie tak bardzo, jak przez kilka ostatnich dni. Stan pogody nie jest wysokich lot\u00f3w tematem. &hellip; <\/p>\n<p class=\"link-more\"><a href=\"http:\/\/niecodziennosc.kubic.info\/?p=9223\" class=\"more-link\">Czytaj dalej<span class=\"screen-reader-text\"> \u201epi\u0119tna\u015bcie stopni Celsjusza\u201d<\/span><\/a><\/p>\n","protected":false},"author":1,"featured_media":0,"comment_status":"open","ping_status":"open","sticky":false,"template":"","format":"standard","meta":{"footnotes":""},"categories":[50,18,27],"tags":[913],"_links":{"self":[{"href":"http:\/\/niecodziennosc.kubic.info\/index.php?rest_route=\/wp\/v2\/posts\/9223"}],"collection":[{"href":"http:\/\/niecodziennosc.kubic.info\/index.php?rest_route=\/wp\/v2\/posts"}],"about":[{"href":"http:\/\/niecodziennosc.kubic.info\/index.php?rest_route=\/wp\/v2\/types\/post"}],"author":[{"embeddable":true,"href":"http:\/\/niecodziennosc.kubic.info\/index.php?rest_route=\/wp\/v2\/users\/1"}],"replies":[{"embeddable":true,"href":"http:\/\/niecodziennosc.kubic.info\/index.php?rest_route=%2Fwp%2Fv2%2Fcomments&post=9223"}],"version-history":[{"count":6,"href":"http:\/\/niecodziennosc.kubic.info\/index.php?rest_route=\/wp\/v2\/posts\/9223\/revisions"}],"predecessor-version":[{"id":9235,"href":"http:\/\/niecodziennosc.kubic.info\/index.php?rest_route=\/wp\/v2\/posts\/9223\/revisions\/9235"}],"wp:attachment":[{"href":"http:\/\/niecodziennosc.kubic.info\/index.php?rest_route=%2Fwp%2Fv2%2Fmedia&parent=9223"}],"wp:term":[{"taxonomy":"category","embeddable":true,"href":"http:\/\/niecodziennosc.kubic.info\/index.php?rest_route=%2Fwp%2Fv2%2Fcategories&post=9223"},{"taxonomy":"post_tag","embeddable":true,"href":"http:\/\/niecodziennosc.kubic.info\/index.php?rest_route=%2Fwp%2Fv2%2Ftags&post=9223"}],"curies":[{"name":"wp","href":"https:\/\/api.w.org\/{rel}","templated":true}]}}