{"id":9281,"date":"2019-07-22T23:20:24","date_gmt":"2019-07-22T21:20:24","guid":{"rendered":"http:\/\/niecodziennosc.kubic.info\/?p=9281"},"modified":"2019-07-22T23:21:12","modified_gmt":"2019-07-22T21:21:12","slug":"za-darka","status":"publish","type":"post","link":"http:\/\/niecodziennosc.kubic.info\/?p=9281","title":{"rendered":"Za Darka"},"content":{"rendered":"\n<h6 class=\"wp-block-heading\">Wpis z serii \u201eDzi\u015b jestem wdzi\u0119czny za\u2026\u201d, w kt\u00f3rej przedstawiam osoby napotkane w moim \u017cyciu, od kt\u00f3rych wzi\u0105\u0142em to i owo. <\/h6>\n\n\n\n<p>Darek potrafi\u0142, i ci\u0105gle potrafi, mie\u0107 u\u015bmiech na twarzy. Prawie zawsze, ci\u0105gle. Mo\u017cna powiedzie\u0107, \u017ce u\u015bmiech ten nosi\u0142 jakie\u015b drobne cechy \u201eu\u015bmiechu przyklejonego\u201d, ale nigdy nie by\u0142 sztuczny. Najwyra\u017aniej to nie musi by\u0107 sprzeczno\u015b\u0107, o czym przekona\u0142em si\u0119 po d\u0142u\u017cszym czasie, zastanawiaj\u0105c si\u0119 nad u\u015bmiechem Darka. <\/p>\n\n\n\n<p>Doszed\u0142em do wniosku, \u017ce Darek nauczy\u0142 si\u0119 u\u015bmiecha\u0107 w r\u00f3\u017cnych sytuacjach \u017cycia, i potem robi\u0142 to z przekonaniem, \u015bwiadomie, zdecydowanie. W ko\u0144cu \u2013 odruchowo, twarz uk\u0142ada\u0142a mu si\u0119 w u\u015bmiech. \u017be nie zawsze by\u0142o do \u015bmiechu, ta sytuacja, w kt\u00f3rej on si\u0119 u\u015bmiecha\u0142, to nieco inna sprawa. Ale tym bardziej zas\u0142ugiwa\u0142o to na uznanie \u2013 \u017ce w\u0142a\u015bnie wtedy potrafi\u0142 si\u0119 u\u015bmiecha\u0107. <\/p>\n\n\n\n<p>Pami\u0119tam jedn\u0105 histori\u0119 z ksi\u0105\u017cki Karola Maya \u201eOld Shatterhand i Winnetou\u201d. Bia\u0142y westman by\u0142 ranny i Indianin wyci\u0105ga\u0142 kul\u0119 z jego rany. Zabieg by\u0142 bardzo bolesny, ale Old Shatterhand nie da\u0142 tego po sobie pozna\u0107. Winnetou zauwa\u017cywszy to powiedzia\u0142: skoro m\u00f3j bia\u0142y brat jest teraz taki spokojny, to przy palu m\u0119czarni \u015bmia\u0142by si\u0119 w g\u0142os. <\/p>\n\n\n\n<p>Id\u0105c za tym zdaniem \u2013 \u015bmia\u0107 si\u0119, gdy irytacja, trwoga, rozpacz \u2013 to jest osi\u0105gni\u0119cie zas\u0142uguj\u0105ce na uwag\u0119 i na\u015bladownictwo. Jestem wdzi\u0119czny za Darka, kt\u00f3ry mi to pokaza\u0142. <\/p>\n\n\n\n<p><\/p>\n","protected":false},"excerpt":{"rendered":"<p>Wpis z serii \u201eDzi\u015b jestem wdzi\u0119czny za\u2026\u201d, w kt\u00f3rej przedstawiam osoby napotkane w moim \u017cyciu, od kt\u00f3rych wzi\u0105\u0142em to i owo. Darek potrafi\u0142, i ci\u0105gle potrafi, mie\u0107 u\u015bmiech na twarzy. Prawie zawsze, ci\u0105gle. Mo\u017cna powiedzie\u0107, \u017ce u\u015bmiech ten nosi\u0142 jakie\u015b drobne cechy \u201eu\u015bmiechu przyklejonego\u201d, ale nigdy nie by\u0142 sztuczny. Najwyra\u017aniej to nie musi by\u0107 sprzeczno\u015b\u0107, &hellip; <\/p>\n<p class=\"link-more\"><a href=\"http:\/\/niecodziennosc.kubic.info\/?p=9281\" class=\"more-link\">Czytaj dalej<span class=\"screen-reader-text\"> \u201eZa Darka\u201d<\/span><\/a><\/p>\n","protected":false},"author":1,"featured_media":0,"comment_status":"open","ping_status":"open","sticky":false,"template":"","format":"standard","meta":{"footnotes":""},"categories":[912],"tags":[607,38,269],"_links":{"self":[{"href":"http:\/\/niecodziennosc.kubic.info\/index.php?rest_route=\/wp\/v2\/posts\/9281"}],"collection":[{"href":"http:\/\/niecodziennosc.kubic.info\/index.php?rest_route=\/wp\/v2\/posts"}],"about":[{"href":"http:\/\/niecodziennosc.kubic.info\/index.php?rest_route=\/wp\/v2\/types\/post"}],"author":[{"embeddable":true,"href":"http:\/\/niecodziennosc.kubic.info\/index.php?rest_route=\/wp\/v2\/users\/1"}],"replies":[{"embeddable":true,"href":"http:\/\/niecodziennosc.kubic.info\/index.php?rest_route=%2Fwp%2Fv2%2Fcomments&post=9281"}],"version-history":[{"count":2,"href":"http:\/\/niecodziennosc.kubic.info\/index.php?rest_route=\/wp\/v2\/posts\/9281\/revisions"}],"predecessor-version":[{"id":9283,"href":"http:\/\/niecodziennosc.kubic.info\/index.php?rest_route=\/wp\/v2\/posts\/9281\/revisions\/9283"}],"wp:attachment":[{"href":"http:\/\/niecodziennosc.kubic.info\/index.php?rest_route=%2Fwp%2Fv2%2Fmedia&parent=9281"}],"wp:term":[{"taxonomy":"category","embeddable":true,"href":"http:\/\/niecodziennosc.kubic.info\/index.php?rest_route=%2Fwp%2Fv2%2Fcategories&post=9281"},{"taxonomy":"post_tag","embeddable":true,"href":"http:\/\/niecodziennosc.kubic.info\/index.php?rest_route=%2Fwp%2Fv2%2Ftags&post=9281"}],"curies":[{"name":"wp","href":"https:\/\/api.w.org\/{rel}","templated":true}]}}