{"id":9322,"date":"2019-10-06T00:15:15","date_gmt":"2019-10-05T22:15:15","guid":{"rendered":"http:\/\/niecodziennosc.kubic.info\/?p=9322"},"modified":"2019-10-06T07:16:07","modified_gmt":"2019-10-06T05:16:07","slug":"antek-ma-sny","status":"publish","type":"post","link":"http:\/\/niecodziennosc.kubic.info\/?p=9322","title":{"rendered":"Antek ma sny"},"content":{"rendered":"\n<p>Antek nie narzeka na brak wra\u017ce\u0144 w ci\u0105gu ostatnich dw\u00f3ch tygodni. Narzeka na ich nadmiar. Antek ma prac\u0119, kt\u00f3r\u0105 bardzo lubi, a podobno to niecz\u0119sto si\u0119 zdarza. M\u00f3g\u0142by nie spa\u0107, w og\u00f3le, nie czuje potrzeby. Kiedy w ko\u0144cu zasypia, ma sny. Szczeg\u00f3lnie nad ranem i po po\u0142udniu, gdy po\u0142o\u017cy si\u0119 na chwil\u0119. S\u0105 to sny, w kt\u00f3rych akcja dzienna, ta na jawie, ma swoj\u0105 kontynuacj\u0119, albo dope\u0142nienie, albo przeciwstawienie. <\/p>\n\n\n\n<p>Antkowi \u015bni\u0105 si\u0119 sytuacje i osoby, lecz szczeg\u00f3lnie zapami\u0119tuje kobiety. Widmo kobiety z porannego snu towarzyszy mu czasem a\u017c do popo\u0142udnia. Antek zastanawia si\u0119, z czego wynika taki sen i  jego natr\u0119tna pozosta\u0142o\u015b\u0107. Kt\u00f3ra, przewa\u017cnie, a tak naprawd\u0119 \u2013 zawsze, jest przyjemna. W dodatku Antek podejrzewa pewne po\u0142\u0105czenie, koincydencj\u0119, mi\u0119dzy jego snami a tym, a \u015bwiadomo\u015bci\u0105 rzeczywistych bohaterek. M\u00f3wi\u0105c pro\u015bciej \u2013 wyobra\u017ca sobie, \u017ce one o nim my\u015bl\u0105, a poniewa\u017c we Wszech\u015bwiecie wszystko jest jako\u015b ze sob\u0105 po\u0142\u0105czone, to ich my\u015bli wywo\u0142uj\u0105 u niego sny. Dalej \u2013 Antek chcia\u0142by powiedzie\u0107 bohaterkom, \u017ce \u015bni\u0142, podejrzewa nawet, \u017ce sprawi\u0142by im przyjemno\u015b\u0107, lecz wyczuwa tu pewn\u0105 trudno\u015b\u0107. Samo o\u015bwiadczenie \u201emia\u0142em sen\u201d nie wystarczy, bo brzmi jak rozpocz\u0119cie dopiero rozmowy. Co dalej? Tego Antek nie jest pewien, a jego niepewno\u015b\u0107 wietrzy k\u0142opoty. Czy kr\u00f3tka chwila przyjemno\u015bci warta jest ryzyka, jakie by ono nie by\u0142o? Niewarta. <\/p>\n","protected":false},"excerpt":{"rendered":"<p>Antek nie narzeka na brak wra\u017ce\u0144 w ci\u0105gu ostatnich dw\u00f3ch tygodni. Narzeka na ich nadmiar. Antek ma prac\u0119, kt\u00f3r\u0105 bardzo lubi, a podobno to niecz\u0119sto si\u0119 zdarza. M\u00f3g\u0142by nie spa\u0107, w og\u00f3le, nie czuje potrzeby. Kiedy w ko\u0144cu zasypia, ma sny. Szczeg\u00f3lnie nad ranem i po po\u0142udniu, gdy po\u0142o\u017cy si\u0119 na chwil\u0119. S\u0105 to sny, &hellip; <\/p>\n<p class=\"link-more\"><a href=\"http:\/\/niecodziennosc.kubic.info\/?p=9322\" class=\"more-link\">Czytaj dalej<span class=\"screen-reader-text\"> \u201eAntek ma sny\u201d<\/span><\/a><\/p>\n","protected":false},"author":1,"featured_media":0,"comment_status":"open","ping_status":"open","sticky":false,"template":"","format":"standard","meta":{"footnotes":""},"categories":[18],"tags":[913],"_links":{"self":[{"href":"http:\/\/niecodziennosc.kubic.info\/index.php?rest_route=\/wp\/v2\/posts\/9322"}],"collection":[{"href":"http:\/\/niecodziennosc.kubic.info\/index.php?rest_route=\/wp\/v2\/posts"}],"about":[{"href":"http:\/\/niecodziennosc.kubic.info\/index.php?rest_route=\/wp\/v2\/types\/post"}],"author":[{"embeddable":true,"href":"http:\/\/niecodziennosc.kubic.info\/index.php?rest_route=\/wp\/v2\/users\/1"}],"replies":[{"embeddable":true,"href":"http:\/\/niecodziennosc.kubic.info\/index.php?rest_route=%2Fwp%2Fv2%2Fcomments&post=9322"}],"version-history":[{"count":2,"href":"http:\/\/niecodziennosc.kubic.info\/index.php?rest_route=\/wp\/v2\/posts\/9322\/revisions"}],"predecessor-version":[{"id":9324,"href":"http:\/\/niecodziennosc.kubic.info\/index.php?rest_route=\/wp\/v2\/posts\/9322\/revisions\/9324"}],"wp:attachment":[{"href":"http:\/\/niecodziennosc.kubic.info\/index.php?rest_route=%2Fwp%2Fv2%2Fmedia&parent=9322"}],"wp:term":[{"taxonomy":"category","embeddable":true,"href":"http:\/\/niecodziennosc.kubic.info\/index.php?rest_route=%2Fwp%2Fv2%2Fcategories&post=9322"},{"taxonomy":"post_tag","embeddable":true,"href":"http:\/\/niecodziennosc.kubic.info\/index.php?rest_route=%2Fwp%2Fv2%2Ftags&post=9322"}],"curies":[{"name":"wp","href":"https:\/\/api.w.org\/{rel}","templated":true}]}}