{"id":9351,"date":"2019-12-05T13:02:46","date_gmt":"2019-12-05T12:02:46","guid":{"rendered":"http:\/\/niecodziennosc.kubic.info\/?p=9351"},"modified":"2019-12-05T13:23:52","modified_gmt":"2019-12-05T12:23:52","slug":"wzdychajac-za-menadzerem","status":"publish","type":"post","link":"http:\/\/niecodziennosc.kubic.info\/?p=9351","title":{"rendered":"Wzdychaj\u0105c za menad\u017cerem"},"content":{"rendered":"\n<p>kt\u00f3ry inspirowa\u0142 tak, \u017ce w rozmowie z nim zyskuje si\u0119 wizj\u0119. \u017be mo\u017cna doko\u0144czy\u0107 jego zdanie, bo wiadomo, do czego zmierza, o co mu chodzi. Wi\u0119cej \u2013 ta wizja, kt\u00f3r\u0105 on wywo\u0142a\u0142, zachwyca\u0142a, i chcia\u0142o si\u0119 w niej uczestniczy\u0107, by\u0107 jej cz\u0119\u015bci\u0105, samemu tworzy\u0107 j\u0105. Wsp\u00f3\u0142tworzenie wizji stawa\u0142o si\u0119 te\u017c nobilitacj\u0105, otwiera\u0142o nowy horyzont, zapowiada\u0142o lepsze czasy. Nie tylko finansowe, przeciwnie \u2013 te finansowe stawa\u0142y si\u0119 mniej wa\u017cne. <\/p>\n\n\n\n<p>Menad\u017cer to spos\u00f3b m\u00f3wienia, ton g\u0142osu, to spos\u00f3b chodzenia, siedzenia, patrzenia, kontaktu. Chcia\u0142o si\u0119 by\u0107 tym, kim by\u0142 menad\u017cer. Menad\u017cer nie m\u00f3wi\u0142 \u201erany boskie, znowu jest co\u015b do zrobienia\u201d, bo to do zrobienia by\u0142o oczekiwane. Ale biada, je\u015bli menad\u017cerowie ucz\u0105 si\u0119 i powtarzaj\u0105 mechanicznie \u2013 gesty, s\u0142owa, postaw\u0119 \u2013 kt\u00f3rych ucz\u0105 si\u0119 na szkoleniach. Je\u015bli nie maj\u0105 w sobie tych cech, kt\u00f3re pr\u00f3buj\u0105 pokaza\u0107, s\u0105 odbierani jeszcze gorzej, ni\u017c gdyby nie byli na \u017cadnym kursie.<\/p>\n\n\n\n<p>Menad\u017cer poci\u0105ga pi\u0119knem, kt\u00f3re ma w sobie, bo pi\u0119kno ludzie chc\u0105 mie\u0107 przy sobie, chc\u0105 je na\u015bladowa\u0107, chc\u0105 spe\u0142nia\u0107 jego \u017cyczenia.<\/p>\n\n\n\n<p><br><\/p>\n","protected":false},"excerpt":{"rendered":"<p>kt\u00f3ry inspirowa\u0142 tak, \u017ce w rozmowie z nim zyskuje si\u0119 wizj\u0119. \u017be mo\u017cna doko\u0144czy\u0107 jego zdanie, bo wiadomo, do czego zmierza, o co mu chodzi. Wi\u0119cej \u2013 ta wizja, kt\u00f3r\u0105 on wywo\u0142a\u0142, zachwyca\u0142a, i chcia\u0142o si\u0119 w niej uczestniczy\u0107, by\u0107 jej cz\u0119\u015bci\u0105, samemu tworzy\u0107 j\u0105. Wsp\u00f3\u0142tworzenie wizji stawa\u0142o si\u0119 te\u017c nobilitacj\u0105, otwiera\u0142o nowy horyzont, zapowiada\u0142o &hellip; <\/p>\n<p class=\"link-more\"><a href=\"http:\/\/niecodziennosc.kubic.info\/?p=9351\" class=\"more-link\">Czytaj dalej<span class=\"screen-reader-text\"> \u201eWzdychaj\u0105c za menad\u017cerem\u201d<\/span><\/a><\/p>\n","protected":false},"author":1,"featured_media":0,"comment_status":"open","ping_status":"open","sticky":false,"template":"","format":"standard","meta":{"footnotes":""},"categories":[22,909],"tags":[],"_links":{"self":[{"href":"http:\/\/niecodziennosc.kubic.info\/index.php?rest_route=\/wp\/v2\/posts\/9351"}],"collection":[{"href":"http:\/\/niecodziennosc.kubic.info\/index.php?rest_route=\/wp\/v2\/posts"}],"about":[{"href":"http:\/\/niecodziennosc.kubic.info\/index.php?rest_route=\/wp\/v2\/types\/post"}],"author":[{"embeddable":true,"href":"http:\/\/niecodziennosc.kubic.info\/index.php?rest_route=\/wp\/v2\/users\/1"}],"replies":[{"embeddable":true,"href":"http:\/\/niecodziennosc.kubic.info\/index.php?rest_route=%2Fwp%2Fv2%2Fcomments&post=9351"}],"version-history":[{"count":2,"href":"http:\/\/niecodziennosc.kubic.info\/index.php?rest_route=\/wp\/v2\/posts\/9351\/revisions"}],"predecessor-version":[{"id":9353,"href":"http:\/\/niecodziennosc.kubic.info\/index.php?rest_route=\/wp\/v2\/posts\/9351\/revisions\/9353"}],"wp:attachment":[{"href":"http:\/\/niecodziennosc.kubic.info\/index.php?rest_route=%2Fwp%2Fv2%2Fmedia&parent=9351"}],"wp:term":[{"taxonomy":"category","embeddable":true,"href":"http:\/\/niecodziennosc.kubic.info\/index.php?rest_route=%2Fwp%2Fv2%2Fcategories&post=9351"},{"taxonomy":"post_tag","embeddable":true,"href":"http:\/\/niecodziennosc.kubic.info\/index.php?rest_route=%2Fwp%2Fv2%2Ftags&post=9351"}],"curies":[{"name":"wp","href":"https:\/\/api.w.org\/{rel}","templated":true}]}}