{"id":9383,"date":"2020-04-12T01:18:07","date_gmt":"2020-04-11T23:18:07","guid":{"rendered":"http:\/\/niecodziennosc.kubic.info\/?p=9383"},"modified":"2020-04-12T01:18:07","modified_gmt":"2020-04-11T23:18:07","slug":"w-lustrze","status":"publish","type":"post","link":"http:\/\/niecodziennosc.kubic.info\/?p=9383","title":{"rendered":"W lustrze"},"content":{"rendered":"\n<p>O pierwszej w nocy Antek przegl\u0105da si\u0119 w lustrze, w \u0142azience. Wszyscy \u015bpi\u0105, jest sam. Poczu\u0142, \u017ce boi si\u0119 tego cz\u0142owieka. Ma on napi\u0119te spojrzenie, i jest kim\u015b obcym. Antek rzadko go widuje, teraz czuje niepok\u00f3j b\u0119d\u0105c z nim sam na sam. Nie reaguje on tak, jak wszyscy. Gdy Antek na kogo\u015b patrzy, do kogo\u015b si\u0119 u\u015bmiecha, gdy chce komu\u015b co\u015b powiedzie\u0107, widzi reakcj\u0119. A teraz reakcji albo brak, albo jest niepewna, dziwna. Tak, jakby ten po drugiej stronie nie by\u0142 godny zaufania, jakby m\u00f3g\u0142 w ka\u017cdej chwili zrobi\u0107 co\u015b nieodpowiedzialnego. <\/p>\n\n\n\n<p>Pierwsza w nocy to zbyt p\u00f3\u017ana pora, \u017ceby przegl\u0105da\u0107 si\u0119 w lustrze. <\/p>\n","protected":false},"excerpt":{"rendered":"<p>O pierwszej w nocy Antek przegl\u0105da si\u0119 w lustrze, w \u0142azience. Wszyscy \u015bpi\u0105, jest sam. Poczu\u0142, \u017ce boi si\u0119 tego cz\u0142owieka. Ma on napi\u0119te spojrzenie, i jest kim\u015b obcym. Antek rzadko go widuje, teraz czuje niepok\u00f3j b\u0119d\u0105c z nim sam na sam. Nie reaguje on tak, jak wszyscy. Gdy Antek na kogo\u015b patrzy, do kogo\u015b &hellip; <\/p>\n<p class=\"link-more\"><a href=\"http:\/\/niecodziennosc.kubic.info\/?p=9383\" class=\"more-link\">Czytaj dalej<span class=\"screen-reader-text\"> \u201eW lustrze\u201d<\/span><\/a><\/p>\n","protected":false},"author":1,"featured_media":0,"comment_status":"open","ping_status":"open","sticky":false,"template":"","format":"standard","meta":{"footnotes":""},"categories":[18],"tags":[607],"_links":{"self":[{"href":"http:\/\/niecodziennosc.kubic.info\/index.php?rest_route=\/wp\/v2\/posts\/9383"}],"collection":[{"href":"http:\/\/niecodziennosc.kubic.info\/index.php?rest_route=\/wp\/v2\/posts"}],"about":[{"href":"http:\/\/niecodziennosc.kubic.info\/index.php?rest_route=\/wp\/v2\/types\/post"}],"author":[{"embeddable":true,"href":"http:\/\/niecodziennosc.kubic.info\/index.php?rest_route=\/wp\/v2\/users\/1"}],"replies":[{"embeddable":true,"href":"http:\/\/niecodziennosc.kubic.info\/index.php?rest_route=%2Fwp%2Fv2%2Fcomments&post=9383"}],"version-history":[{"count":1,"href":"http:\/\/niecodziennosc.kubic.info\/index.php?rest_route=\/wp\/v2\/posts\/9383\/revisions"}],"predecessor-version":[{"id":9384,"href":"http:\/\/niecodziennosc.kubic.info\/index.php?rest_route=\/wp\/v2\/posts\/9383\/revisions\/9384"}],"wp:attachment":[{"href":"http:\/\/niecodziennosc.kubic.info\/index.php?rest_route=%2Fwp%2Fv2%2Fmedia&parent=9383"}],"wp:term":[{"taxonomy":"category","embeddable":true,"href":"http:\/\/niecodziennosc.kubic.info\/index.php?rest_route=%2Fwp%2Fv2%2Fcategories&post=9383"},{"taxonomy":"post_tag","embeddable":true,"href":"http:\/\/niecodziennosc.kubic.info\/index.php?rest_route=%2Fwp%2Fv2%2Ftags&post=9383"}],"curies":[{"name":"wp","href":"https:\/\/api.w.org\/{rel}","templated":true}]}}