{"id":9451,"date":"2021-01-16T23:34:54","date_gmt":"2021-01-16T22:34:54","guid":{"rendered":"http:\/\/niecodziennosc.kubic.info\/?p=9451"},"modified":"2021-01-16T23:47:31","modified_gmt":"2021-01-16T22:47:31","slug":"a-kiedy-chwila-szczescia","status":"publish","type":"post","link":"http:\/\/niecodziennosc.kubic.info\/?p=9451","title":{"rendered":"A kiedy chwila szcz\u0119\u015bcia\u2026? :)"},"content":{"rendered":"\n<figure class=\"wp-block-image size-large\"><img fetchpriority=\"high\" decoding=\"async\" width=\"1024\" height=\"682\" src=\"http:\/\/niecodziennosc.kubic.info\/wp-content\/uploads\/rower_DSC2552-1024x682.jpg\" alt=\"Rozstaje fot. Piotr Kubic\" class=\"wp-image-9452\" srcset=\"http:\/\/niecodziennosc.kubic.info\/wp-content\/uploads\/rower_DSC2552-1024x682.jpg 1024w, http:\/\/niecodziennosc.kubic.info\/wp-content\/uploads\/rower_DSC2552-700x466.jpg 700w, http:\/\/niecodziennosc.kubic.info\/wp-content\/uploads\/rower_DSC2552-768x511.jpg 768w, http:\/\/niecodziennosc.kubic.info\/wp-content\/uploads\/rower_DSC2552.jpg 1200w\" sizes=\"(max-width: 767px) 89vw, (max-width: 1000px) 54vw, (max-width: 1071px) 543px, 580px\" \/><\/figure>\n\n\n\n<p>Wraca\u0142em z Pieskowej Ska\u0142y (przyjecha\u0142em asfaltem widocznym z prawej strony), by\u0142 to grzbiet bardzo d\u0142ugiego pag\u00f3ra, szerokie widoki, pustka, i nagle \u2013 takie rozstaje. Dopiero odwracaj\u0105c si\u0119 zobaczy\u0142em ten widok, gdyby nie chcia\u0142o mi si\u0119 odwr\u00f3ci\u0107, gdyby nie chcia\u0142o si\u0119 zatrzyma\u0107 \u2013 nie by\u0142oby tego zdj\u0119cia.<br><br>Zatrzymanie podczas jazdy rowerem nie jest takie oczywiste. Traci si\u0119 rytm, wr\u0119cz trans, w kt\u00f3ry wpada si\u0119 podczas jazdy. To rytm ca\u0142ego organizmu, nie tylko peda\u0142owania, ale zwi\u0105zanego \u015bci\u015ble oddechu, ale te\u017c jakiego\u015b rytmu m\u00f3zgu, fal, kt\u00f3re sprawiaj\u0105, \u017ce godzinami mo\u017cna pokonywa\u0107 wiele dziesi\u0105tek kilometr\u00f3w. Podczas zatrzymania w trakcie niskich temperatur traci si\u0119 te\u017c r\u00f3wnowag\u0119 termiczn\u0105, kt\u00f3r\u0105 czasem trudno uzyska\u0107. Podczas jazdy trzeba zbalansowa\u0107 takie zmienne: wysi\u0142ek wyzwalaj\u0105cy wewn\u0119trzn\u0105 temperatur\u0119, ch\u0142odz\u0105cy p\u0119d zimnego powietrza, ilo\u015b\u0107 warstw ubra\u0144 oraz przek\u0105ski. Zatrzymanie si\u0119 burzy t\u0119 r\u00f3wnowag\u0119.<br><br>Co jest fantastyczne i co wci\u0105ga w d\u0142ugodystansowym sporcie, to przemiana emocji. Sam pocz\u0105tek to kilkadziesi\u0105t minut na rozkr\u0119cenie si\u0119. Potem jest ju\u017c super, ale pr\u0119dzej czy p\u00f3\u017aniej nadejd\u0105 gorsze momenty. Za\u0142amki, kryzysy, trzeba jako\u015b przetrzyma\u0107, przeczeka\u0107, mo\u017ce odpu\u015bci\u0107 tempo, mo\u017ce nie na si\u0142\u0119. Ale po nich, nie wiadomo dlaczego, nadchodzi przyp\u0142yw si\u0142 i uczucie szcz\u0119\u015bcia.<\/p>\n","protected":false},"excerpt":{"rendered":"<p>Wraca\u0142em z Pieskowej Ska\u0142y (przyjecha\u0142em asfaltem widocznym z prawej strony), by\u0142 to grzbiet bardzo d\u0142ugiego pag\u00f3ra, szerokie widoki, pustka, i nagle \u2013 takie rozstaje. Dopiero odwracaj\u0105c si\u0119 zobaczy\u0142em ten widok, gdyby nie chcia\u0142o mi si\u0119 odwr\u00f3ci\u0107, gdyby nie chcia\u0142o si\u0119 zatrzyma\u0107 \u2013 nie by\u0142oby tego zdj\u0119cia. Zatrzymanie podczas jazdy rowerem nie jest takie oczywiste. Traci &hellip; <\/p>\n<p class=\"link-more\"><a href=\"http:\/\/niecodziennosc.kubic.info\/?p=9451\" class=\"more-link\">Czytaj dalej<span class=\"screen-reader-text\"> \u201eA kiedy chwila szcz\u0119\u015bcia\u2026? :)\u201d<\/span><\/a><\/p>\n","protected":false},"author":1,"featured_media":0,"comment_status":"open","ping_status":"open","sticky":false,"template":"","format":"standard","meta":{"footnotes":""},"categories":[50,27,24],"tags":[877,339,208,878,881],"_links":{"self":[{"href":"http:\/\/niecodziennosc.kubic.info\/index.php?rest_route=\/wp\/v2\/posts\/9451"}],"collection":[{"href":"http:\/\/niecodziennosc.kubic.info\/index.php?rest_route=\/wp\/v2\/posts"}],"about":[{"href":"http:\/\/niecodziennosc.kubic.info\/index.php?rest_route=\/wp\/v2\/types\/post"}],"author":[{"embeddable":true,"href":"http:\/\/niecodziennosc.kubic.info\/index.php?rest_route=\/wp\/v2\/users\/1"}],"replies":[{"embeddable":true,"href":"http:\/\/niecodziennosc.kubic.info\/index.php?rest_route=%2Fwp%2Fv2%2Fcomments&post=9451"}],"version-history":[{"count":2,"href":"http:\/\/niecodziennosc.kubic.info\/index.php?rest_route=\/wp\/v2\/posts\/9451\/revisions"}],"predecessor-version":[{"id":9454,"href":"http:\/\/niecodziennosc.kubic.info\/index.php?rest_route=\/wp\/v2\/posts\/9451\/revisions\/9454"}],"wp:attachment":[{"href":"http:\/\/niecodziennosc.kubic.info\/index.php?rest_route=%2Fwp%2Fv2%2Fmedia&parent=9451"}],"wp:term":[{"taxonomy":"category","embeddable":true,"href":"http:\/\/niecodziennosc.kubic.info\/index.php?rest_route=%2Fwp%2Fv2%2Fcategories&post=9451"},{"taxonomy":"post_tag","embeddable":true,"href":"http:\/\/niecodziennosc.kubic.info\/index.php?rest_route=%2Fwp%2Fv2%2Ftags&post=9451"}],"curies":[{"name":"wp","href":"https:\/\/api.w.org\/{rel}","templated":true}]}}