{"id":9541,"date":"2021-06-02T17:10:39","date_gmt":"2021-06-02T15:10:39","guid":{"rendered":"http:\/\/niecodziennosc.kubic.info\/?p=9541"},"modified":"2021-06-02T17:10:39","modified_gmt":"2021-06-02T15:10:39","slug":"jest-dobrze","status":"publish","type":"post","link":"http:\/\/niecodziennosc.kubic.info\/?p=9541","title":{"rendered":"jest dobrze"},"content":{"rendered":"\n<p>Zerkam na <a href=\"https:\/\/www.krakowfilmfestival.pl\/\">Krakowski Festiwal Filmowy 2021<\/a>. Interesuj\u0105 mnie g\u0142\u00f3wnie kr\u00f3tkometra\u017cowe filmy oraz dokumentalne. Kr\u00f3tka forma jest dzi\u015b potrzebna, jest w natarciu. Umiej\u0119tno\u015b\u0107 zbudowania narracji i zaanga\u017cowania widza nawet w trakcie kilku minut. Wzrasta w ostatnim czasie zainteresowanie dokumentem jako alternatyw\u0105 dla fabu\u0142y, kt\u00f3rej pomys\u0142y, innowacje, wydaj\u0105 si\u0119 ograniczone. Codzienno\u015b\u0107-niecodzienno\u015b\u0107 mog\u0105 by\u0119 ciekawe, s\u0105 niezwyk\u0142e cho\u0107by dlatego, \u017ce \u017cyjemy w coraz bardziej r\u00f3\u017cnicuj\u0105cym si\u0119 \u015bwiecie. <\/p>\n\n\n\n<p>Film, sztuka, powinna nie\u015b\u0107 ze sob\u0105 pi\u0119kno, nawet, a mo\u017ce szczeg\u00f3lnie, gdy opowiada o trudnych sprawach. Dlatego nawet wtedy niesie przekaz, \u017ce \u017cycie ma warto\u015b\u0107, mo\u017ce by\u0107 i jest pi\u0119kne. <\/p>\n\n\n\n<p>Przyk\u0142ad: polski film dokumentalny &#8222;Koncert balkonowy&#8221; (re\u017c. Diana Kad\u0142ubowska, Krzysztof Kad\u0142ubowski) to tylko pi\u0119tna\u015bcie minut opowie\u015bci o \u017cyciu na podw\u00f3rku otoczonym ze wszystkich stron \u015bcianami zniszczonego budownictwa. Tematem nie jest sam koncert, kt\u00f3ry jest jednym z wielu wydarze\u0144 na tym podw\u00f3rku. To portret ludzi, ich zwyczaj\u00f3w, kt\u00f3ry nie jest ponury, ale pozbawiony emfazy, silenia si\u0119 na niezwyk\u0142o\u015b\u0107. Film jest jak niedoko\u0144czony, co w pierwszym momencie troch\u0119 negatywnie zaskakuje. Ale filmy dokumentalne rz\u0105dz\u0105 si\u0119 nieco innymi prawami. Tutaj zyskujemy wra\u017cenie, \u017ce to wycinek historii tego podw\u00f3rka. Ta akcja potoczy si\u0119 dalej, nawet je\u015bli jej nie zobaczymy, bo zgas\u0142o ostatnie uj\u0119cie. <\/p>\n\n\n\n<p>Co szczeg\u00f3lnie warte uwagi, co mnie cieszy w filmach na KFF:<\/p>\n\n\n\n<ul><li>ogromna r\u00f3\u017cnorodno\u015b\u0107 formy &#8211; s\u0105 tu filmy dokumentalne, animacje, fabularne, \u0142\u0105cz\u0105ce r\u00f3\u017cne gatunki &#8211; np. dokumentem mo\u017ce by\u0107 animacja, co kiedy\u015b wydawa\u0142o mi si\u0119 niemo\u017cliwe. <\/li><li>\u0142\u0105czenie bardzo r\u00f3\u017cnych pomys\u0142\u00f3w, nietypowe zako\u0144czenia, nierzadko bez puenty, po\u0142\u0105czenia scen, nad kt\u00f3rymi musz\u0119 si\u0119 zastanowi\u0107, nieoczywiste, a generuj\u0105ce moje w\u0142asne skojarzenia<\/li><li>uj\u0119cia, kt\u00f3re ja wyrzuci\u0142bym do kosza, sprawdzaj\u0105 si\u0119 g\u0142\u00f3wnie w filmach dokumentalnych, w kt\u00f3rych nie da si\u0119 powt\u00f3rzy\u0107 akcji &#8211; \u015bwiadczy to o prawdziwo\u015bci sytuacji, kt\u00f3ra si\u0119 sta\u0142a, i je\u015bli nie ma ostro\u015bci, to trudno, ale jest tre\u015b\u0107 &#8211; najwa\u017cniejsza,<\/li><li>ogrom najr\u00f3\u017cniejszych wizji, wra\u017cliwo\u015bci, budowania kadru, opowiadania historii, mo\u017cna mie\u0107 wra\u017cenie, \u017ce w ka\u017cdym miejscu, czasie, z najr\u00f3\u017cniejszymi postaciami mo\u017cna stworzy\u0107 ruchomy obraz, kt\u00f3ry wci\u0105ga, przed kt\u00f3rym widz nie obroni si\u0119, je\u015bli tylko w niego wejdzie. <\/li><\/ul>\n\n\n\n<p><\/p>\n","protected":false},"excerpt":{"rendered":"<p>Zerkam na Krakowski Festiwal Filmowy 2021. Interesuj\u0105 mnie g\u0142\u00f3wnie kr\u00f3tkometra\u017cowe filmy oraz dokumentalne. Kr\u00f3tka forma jest dzi\u015b potrzebna, jest w natarciu. Umiej\u0119tno\u015b\u0107 zbudowania narracji i zaanga\u017cowania widza nawet w trakcie kilku minut. Wzrasta w ostatnim czasie zainteresowanie dokumentem jako alternatyw\u0105 dla fabu\u0142y, kt\u00f3rej pomys\u0142y, innowacje, wydaj\u0105 si\u0119 ograniczone. Codzienno\u015b\u0107-niecodzienno\u015b\u0107 mog\u0105 by\u0119 ciekawe, s\u0105 niezwyk\u0142e cho\u0107by &hellip; <\/p>\n<p class=\"link-more\"><a href=\"http:\/\/niecodziennosc.kubic.info\/?p=9541\" class=\"more-link\">Czytaj dalej<span class=\"screen-reader-text\"> \u201ejest dobrze\u201d<\/span><\/a><\/p>\n","protected":false},"author":1,"featured_media":0,"comment_status":"open","ping_status":"open","sticky":false,"template":"","format":"standard","meta":{"footnotes":""},"categories":[24],"tags":[70,166],"_links":{"self":[{"href":"http:\/\/niecodziennosc.kubic.info\/index.php?rest_route=\/wp\/v2\/posts\/9541"}],"collection":[{"href":"http:\/\/niecodziennosc.kubic.info\/index.php?rest_route=\/wp\/v2\/posts"}],"about":[{"href":"http:\/\/niecodziennosc.kubic.info\/index.php?rest_route=\/wp\/v2\/types\/post"}],"author":[{"embeddable":true,"href":"http:\/\/niecodziennosc.kubic.info\/index.php?rest_route=\/wp\/v2\/users\/1"}],"replies":[{"embeddable":true,"href":"http:\/\/niecodziennosc.kubic.info\/index.php?rest_route=%2Fwp%2Fv2%2Fcomments&post=9541"}],"version-history":[{"count":1,"href":"http:\/\/niecodziennosc.kubic.info\/index.php?rest_route=\/wp\/v2\/posts\/9541\/revisions"}],"predecessor-version":[{"id":9542,"href":"http:\/\/niecodziennosc.kubic.info\/index.php?rest_route=\/wp\/v2\/posts\/9541\/revisions\/9542"}],"wp:attachment":[{"href":"http:\/\/niecodziennosc.kubic.info\/index.php?rest_route=%2Fwp%2Fv2%2Fmedia&parent=9541"}],"wp:term":[{"taxonomy":"category","embeddable":true,"href":"http:\/\/niecodziennosc.kubic.info\/index.php?rest_route=%2Fwp%2Fv2%2Fcategories&post=9541"},{"taxonomy":"post_tag","embeddable":true,"href":"http:\/\/niecodziennosc.kubic.info\/index.php?rest_route=%2Fwp%2Fv2%2Ftags&post=9541"}],"curies":[{"name":"wp","href":"https:\/\/api.w.org\/{rel}","templated":true}]}}