{"id":9678,"date":"2022-07-31T00:32:15","date_gmt":"2022-07-30T22:32:15","guid":{"rendered":"http:\/\/niecodziennosc.kubic.info\/?p=9678"},"modified":"2022-07-31T00:32:15","modified_gmt":"2022-07-30T22:32:15","slug":"nie-przerobisz-bezradnosc-przepraszam","status":"publish","type":"post","link":"http:\/\/niecodziennosc.kubic.info\/?p=9678","title":{"rendered":"Nie przerobisz \u2013 bezradno\u015b\u0107 \u2013 przepraszam"},"content":{"rendered":"\n<p>Z wiekiem i czasem \u2013 jakby ros\u0142a ilo\u015b\u0107 rzeczy, spraw, szczeg\u00f3\u0142\u00f3w, kt\u00f3rych trzeba dopilnowa\u0107 w codziennym \u017cyciu. Od wstania z \u0142\u00f3\u017cka, rano, do u\u0142o\u017cenia si\u0119 wieczorem, dziesi\u0105tki drobnych czynno\u015bci, przedmiot\u00f3w, zada\u0144, o kt\u00f3re <em>trzeba<\/em> zadba\u0107. W ko\u0144cu jest gdzie\u015b granica ludzkich mo\u017cliwo\u015bci \u2013 pami\u0119tania, dbania, organizowania. Z wiekiem coraz wi\u0119ksza staje si\u0119 potrzeba dbania o siebie \u2013 stan cia\u0142a \u2013 zdrowie fizyczne i psychiczne. To nie fanaberia tylko konieczno\u015b\u0107. Z roku na rok nie spos\u00f3b nie zauwa\u017cy\u0107, jak ubywa si\u0142, a apetyt na prze\u017cycia wcale nie maleje, lecz ro\u015bnie. <\/p>\n\n\n\n<p>Ro\u015bnie \u015bwiadomo\u015b\u0107 tego, co jeszcze m\u00f3g\u0142bym zrobi\u0107, ale my\u015bl\u0105cy i \u015bwiadomy cz\u0142owiek musi przyzna\u0107, \u017ce tak naprawd\u0119 b\u0119dzie m\u00f3g\u0142 zrobi\u0107 coraz mniej. Okres prosperity nieodwo\u0142alnie mija, powinno wi\u0119c stan\u0105\u0107 jasne pytanie \u2013 co odrzuci\u0107, z czym si\u0119 po\u017cegna\u0107, co zignorowa\u0107 \u2013 tylko po to, \u017ceby jeszcze, czymkolwiek mo\u017cna si\u0119 by\u0142o zaj\u0105\u0107. <\/p>\n\n\n\n<p>Ubolewam \u2013 \u017ce nie jestem w stanie utrzyma\u0107 regularnych kontakt\u00f3w z lud\u017ami, kt\u00f3rych pozna\u0142em, nawet z tymi najlepszymi, albo tymi, dla kt\u00f3rych m\u00f3g\u0142bym jeszcze co\u015b dobrego zrobi\u0107. Ubolewam, \u017ce nie umiem wykorzysta\u0107 kilku chwil dobrego kontaktu, kt\u00f3ry si\u0119 nadarza. \u017ba\u0142uj\u0119 d\u0142ugich chwil s\u0142abo\u015bci, w kt\u00f3rych nie jestem w stanie wykrztusi\u0107 dobrych s\u0142\u00f3w, a twarz nie chce si\u0119 u\u0142o\u017cy\u0107 w swobodny u\u015bmiech. Nagle staje si\u0119 jasne \u2013 sk\u0105d u starszych ludzi zasuszone, nieruchawe twarze,  sk\u0105d linie napi\u0119cia, kt\u00f3re przesta\u0142y si\u0119 wyg\u0142adza\u0107. <\/p>\n\n\n\n<p>W ci\u0105gu dnia zdarzaj\u0105 si\u0119 ca\u0142e godziny, w kt\u00f3rych nie wiem, co si\u0119 ze mn\u0105 dzieje, o co mi chodzi, wiem tylko, \u017ce czuj\u0119 si\u0119 \u017ale i z determinacj\u0105 my\u015bl\u0119, jak temu zaradzi\u0107. Odczuwam coraz wi\u0119cej chaosu wok\u00f3\u0142, zreszt\u0105 \u015bwiat rzeczywi\u015bcie staje si\u0119 chaotyczny. Ten chaos nie by\u0142by tak uci\u0105\u017cliwy gdyby nie to, \u017ce ode mnie oczekuje si\u0119 konkretnych dzia\u0142a\u0144, pracy, efekt\u00f3w, w konkretnych terminach \u2013 na dzie\u0144, godzin\u0119, na zaraz. <\/p>\n\n\n\n<p>Nie, to nie jest narzekanie. Nikt temu nie zaradzi, nie pr\u00f3bujcie nawet pomaga\u0107, bo sami jeste\u015bcie w podobnym po\u0142o\u017ceniu. Chodzi mo\u017ce o to, \u017ce dwadzie\u015bcia lat temu mniej dostrzega\u0142em, rozumia\u0142em i czu\u0142em, i mo\u017ce dlatego by\u0142o pro\u015bciej. <\/p>\n\n\n\n<p>Jeszcze to powracaj\u0105ce pytanie \u2013 dok\u0105d zmierzamy, o co nam chodzi. Na pewno chodzi o przetrwanie \u2013 z tygodnia na tydzie\u0144, od wyp\u0142aty do wyp\u0142aty. Je\u015bli mamy dzieci \u2013 chodzi nam o ich usamodzielnienie. Chodzi nam o dobre kontakty z lud\u017ami \u2013 to warto\u015b\u0107, kt\u00f3r\u0105 trudno zmierzy\u0107, kt\u00f3ra nie tak rzadko wymyka si\u0119 z r\u0105k, nie wiadomo do ko\u0144ca z jakiego (czyjego) powodu. Mo\u017ce m.in. zbyt du\u017cych oczekiwa\u0144 od innych oraz przewra\u017cliwienia na punkcie w\u0142asnego ego. <\/p>\n\n\n\n<p>Jest po p\u00f3\u0142nocy, zako\u0144czy\u0142 si\u0119 ca\u0142kiem dobry dzie\u0144, gdyby nie liczy\u0107 paru fal dezorientacji, strachu i irytacji. Dlaczego nap\u0142ywaj\u0105, dlaczego nie mo\u017cna ich prostu zneutralizowa\u0107, dlaczego nie wychodzi mimo tego, \u017ce wok\u00f3\u0142 sami przyja\u017ani ludzie. <\/p>\n\n\n\n<p>Dobranoc, dobranoc i przepraszam, \u017ce za rzadko z Wami rozmawiam. <\/p>\n","protected":false},"excerpt":{"rendered":"<p>Z wiekiem i czasem \u2013 jakby ros\u0142a ilo\u015b\u0107 rzeczy, spraw, szczeg\u00f3\u0142\u00f3w, kt\u00f3rych trzeba dopilnowa\u0107 w codziennym \u017cyciu. Od wstania z \u0142\u00f3\u017cka, rano, do u\u0142o\u017cenia si\u0119 wieczorem, dziesi\u0105tki drobnych czynno\u015bci, przedmiot\u00f3w, zada\u0144, o kt\u00f3re trzeba zadba\u0107. W ko\u0144cu jest gdzie\u015b granica ludzkich mo\u017cliwo\u015bci \u2013 pami\u0119tania, dbania, organizowania. Z wiekiem coraz wi\u0119ksza staje si\u0119 potrzeba dbania o &hellip; <\/p>\n<p class=\"link-more\"><a href=\"http:\/\/niecodziennosc.kubic.info\/?p=9678\" class=\"more-link\">Czytaj dalej<span class=\"screen-reader-text\"> \u201eNie przerobisz \u2013 bezradno\u015b\u0107 \u2013 przepraszam\u201d<\/span><\/a><\/p>\n","protected":false},"author":1,"featured_media":0,"comment_status":"open","ping_status":"open","sticky":false,"template":"","format":"standard","meta":{"footnotes":""},"categories":[909],"tags":[874],"_links":{"self":[{"href":"http:\/\/niecodziennosc.kubic.info\/index.php?rest_route=\/wp\/v2\/posts\/9678"}],"collection":[{"href":"http:\/\/niecodziennosc.kubic.info\/index.php?rest_route=\/wp\/v2\/posts"}],"about":[{"href":"http:\/\/niecodziennosc.kubic.info\/index.php?rest_route=\/wp\/v2\/types\/post"}],"author":[{"embeddable":true,"href":"http:\/\/niecodziennosc.kubic.info\/index.php?rest_route=\/wp\/v2\/users\/1"}],"replies":[{"embeddable":true,"href":"http:\/\/niecodziennosc.kubic.info\/index.php?rest_route=%2Fwp%2Fv2%2Fcomments&post=9678"}],"version-history":[{"count":1,"href":"http:\/\/niecodziennosc.kubic.info\/index.php?rest_route=\/wp\/v2\/posts\/9678\/revisions"}],"predecessor-version":[{"id":9679,"href":"http:\/\/niecodziennosc.kubic.info\/index.php?rest_route=\/wp\/v2\/posts\/9678\/revisions\/9679"}],"wp:attachment":[{"href":"http:\/\/niecodziennosc.kubic.info\/index.php?rest_route=%2Fwp%2Fv2%2Fmedia&parent=9678"}],"wp:term":[{"taxonomy":"category","embeddable":true,"href":"http:\/\/niecodziennosc.kubic.info\/index.php?rest_route=%2Fwp%2Fv2%2Fcategories&post=9678"},{"taxonomy":"post_tag","embeddable":true,"href":"http:\/\/niecodziennosc.kubic.info\/index.php?rest_route=%2Fwp%2Fv2%2Ftags&post=9678"}],"curies":[{"name":"wp","href":"https:\/\/api.w.org\/{rel}","templated":true}]}}