{"id":9687,"date":"2022-09-10T16:26:03","date_gmt":"2022-09-10T14:26:03","guid":{"rendered":"http:\/\/niecodziennosc.kubic.info\/?p=9687"},"modified":"2022-09-10T16:26:03","modified_gmt":"2022-09-10T14:26:03","slug":"syn-poleca-mi-film","status":"publish","type":"post","link":"http:\/\/niecodziennosc.kubic.info\/?p=9687","title":{"rendered":"Syn poleca mi film"},"content":{"rendered":"\n<p>Je\u015bli m\u00f3j czternastoletni syn poleca mi film sprzed 23 lat, to musz\u0119 go obejrze\u0107. Po pierwsze dlatego, \u017ce czekam ju\u017c kilka lat, \u017ceby poleci\u0142 mi film z tych, kt\u00f3re on ogl\u0105da. Po drugie &#8211; je\u017celi podoba mu si\u0119 filmy starszy ni\u017c on sam, to jest to jeszcze bardziej intryguj\u0105ce. Po czwarte i pi\u0105te &#8211; tego nie musz\u0119 wyja\u015bnia\u0107 rodzicom &#8211; wiem, \u017ce w ten spos\u00f3b dowiem si\u0119 bardzo du\u017co o moim synu, tym bardziej \u017ce (tego te\u017c nie musz\u0119 wyja\u015bnia\u0107 (rodzicom)), wiem o nim coraz mniej i tylko czekam na moment, w kt\u00f3rym moja niewiedza b\u0119dzie mia\u0142a emocjonuj\u0105ce, coraz powa\u017cniejsze, a mo\u017ce in katastrofalne skutki (oczywi\u015bcie katastrofalne tylko w moim wyobra\u017ceniu). <\/p>\n\n\n\n<p>Wczoraj w nocy, po ca\u0142ym dniu pracy, zacz\u0105\u0142em ogl\u0105da\u0107 i po 5 minutach ju\u017c wiedzia\u0142em, \u017ce jest to bardzo dobre kino &#8211; \u015bwietny scenariusz, obsada, re\u017cyseria, zdj\u0119cia i monta\u017c. Temat i fabu\u0142a &#8211; drastyczne. Tempo &#8211; przygniataj\u0105ce jak na tatusia, kt\u00f3ry pada ze zm\u0119czenia, wi\u0119c pad\u0142em . To nic dziwnego &#8211; najlepiej usypiaj\u0105 rzeczy proste albo tak skomplikowane, \u017ce m\u00f3zg nie jest w stanie za nimi nad\u0105\u017cy\u0107. <\/p>\n\n\n\n<p>Podejd\u0119 wi\u0119c do filmu po raz kolejny, ale&#8230; dzi\u015b jest sobota i wr\u00f3c\u0119 do domu oko\u0142o p\u00f3\u0142nocy. Jutro &#8211; podobnie. Najwcze\u015bniej wi\u0119c &#8211; poniedzia\u0142ek. Musz\u0119 to zapisa\u0107 w kalendarzu, \u017ceby nie umkn\u0119\u0142o&#8230;<\/p>\n","protected":false},"excerpt":{"rendered":"<p>Je\u015bli m\u00f3j czternastoletni syn poleca mi film sprzed 23 lat, to musz\u0119 go obejrze\u0107. Po pierwsze dlatego, \u017ce czekam ju\u017c kilka lat, \u017ceby poleci\u0142 mi film z tych, kt\u00f3re on ogl\u0105da. Po drugie &#8211; je\u017celi podoba mu si\u0119 filmy starszy ni\u017c on sam, to jest to jeszcze bardziej intryguj\u0105ce. Po czwarte i pi\u0105te &#8211; tego &hellip; <\/p>\n<p class=\"link-more\"><a href=\"http:\/\/niecodziennosc.kubic.info\/?p=9687\" class=\"more-link\">Czytaj dalej<span class=\"screen-reader-text\"> \u201eSyn poleca mi film\u201d<\/span><\/a><\/p>\n","protected":false},"author":1,"featured_media":0,"comment_status":"open","ping_status":"open","sticky":false,"template":"","format":"standard","meta":{"footnotes":""},"categories":[179,909,24],"tags":[638],"_links":{"self":[{"href":"http:\/\/niecodziennosc.kubic.info\/index.php?rest_route=\/wp\/v2\/posts\/9687"}],"collection":[{"href":"http:\/\/niecodziennosc.kubic.info\/index.php?rest_route=\/wp\/v2\/posts"}],"about":[{"href":"http:\/\/niecodziennosc.kubic.info\/index.php?rest_route=\/wp\/v2\/types\/post"}],"author":[{"embeddable":true,"href":"http:\/\/niecodziennosc.kubic.info\/index.php?rest_route=\/wp\/v2\/users\/1"}],"replies":[{"embeddable":true,"href":"http:\/\/niecodziennosc.kubic.info\/index.php?rest_route=%2Fwp%2Fv2%2Fcomments&post=9687"}],"version-history":[{"count":1,"href":"http:\/\/niecodziennosc.kubic.info\/index.php?rest_route=\/wp\/v2\/posts\/9687\/revisions"}],"predecessor-version":[{"id":9688,"href":"http:\/\/niecodziennosc.kubic.info\/index.php?rest_route=\/wp\/v2\/posts\/9687\/revisions\/9688"}],"wp:attachment":[{"href":"http:\/\/niecodziennosc.kubic.info\/index.php?rest_route=%2Fwp%2Fv2%2Fmedia&parent=9687"}],"wp:term":[{"taxonomy":"category","embeddable":true,"href":"http:\/\/niecodziennosc.kubic.info\/index.php?rest_route=%2Fwp%2Fv2%2Fcategories&post=9687"},{"taxonomy":"post_tag","embeddable":true,"href":"http:\/\/niecodziennosc.kubic.info\/index.php?rest_route=%2Fwp%2Fv2%2Ftags&post=9687"}],"curies":[{"name":"wp","href":"https:\/\/api.w.org\/{rel}","templated":true}]}}