{"id":9944,"date":"2024-12-25T18:28:33","date_gmt":"2024-12-25T17:28:33","guid":{"rendered":"http:\/\/niecodziennosc.kubic.info\/?p=9944"},"modified":"2024-12-26T20:35:23","modified_gmt":"2024-12-26T19:35:23","slug":"myslenie-moze-bolec","status":"publish","type":"post","link":"http:\/\/niecodziennosc.kubic.info\/?p=9944","title":{"rendered":"My\u015blenie mo\u017ce bole\u0107"},"content":{"rendered":"\n<p>Chyba nigdy wcze\u015bniej nie odczuwa\u0142em, \u017ce my\u015blenie m\u0119czy, a nawet boli. <\/p>\n\n\n\n<p>Lubi\u0119 my\u015ble\u0107, rozkminia\u0107, je\u015bli si\u0119 trafi temat \/ problem, kt\u00f3ry mnie interesuje, intryguje, rozkminiam go przez kolejne dni. Chyba robi\u0119 to automatycznie, to si\u0119 po prostu dzieje. Lubi\u0119 te\u017c wej\u015b\u0107 w nowy temat, jak np. zrealizowa\u0107 zakupy trzydziestu drobnych rzeczy w moim miejscu pracy. Kiedy s\u0105 to r\u00f3\u017cne artyku\u0142y, trzeba poszuka\u0107 najbardziej odpowiednich, znale\u017a\u0107 sklepy, w kt\u00f3rych mo\u017cna je zam\u00f3wi\u0107. Kiedy trzeba skleci\u0107 w dzia\u0142aj\u0105c\u0105 ca\u0142o\u015b\u0107 kilka urz\u0105dze\u0144 &#8211; jak np. rozdzielenie i transmisja sygna\u0142u telewizji przemys\u0142owej przez kilka pomieszcze\u0144, z konwersj\u0105 na standard VGA lub HDMI. <\/p>\n\n\n\n<p>My\u015blenie jest fajne zw\u0142aszcza, \u017ce przez wiele lat nie uwa\u017ca\u0142em my\u015blenia za prac\u0119. Patrzy\u0142em na rodzic\u00f3w, dziadk\u00f3w, z kt\u00f3rymi si\u0119 wychowa\u0142em, w domu z ogrodem i kawa\u0142kiem pola by\u0142o sporo fizycznej pracy. Zw\u0142aszcza ojciec by\u0142 i ci\u0105gle jest tytanem dzia\u0142ania, niewielkiego wzrostu, ale wychowa\u0142 si\u0119 na g\u00f3rskich terenach kamienistych p\u00f3l, znany by\u0142 z tego, \u017ce \u0142ama\u0142y m si\u0119 w r\u0119kach trzonki \u0142opat, urywa\u0142y zawiesia wiader &#8211; od tempa, w jakim by\u0142y przez niego u\u017cywane. <\/p>\n\n\n\n<p>Wychowa\u0142em si\u0119 w kulturze, w kt\u00f3rej prac\u0105 by\u0142o dzia\u0142a\u0107 fizycznie. Nie pami\u0119tam moment\u00f3w, w kt\u00f3rych kto\u015b siada\u0142 i planowa\u0142 prac\u0119, zastanawia\u0142 si\u0119, jak co\u015b zrobi\u0107. Z wyj\u0105tkiem wujka, kt\u00f3ry z ciotk\u0105 i tr\u00f3jdzietn\u0105 rodzin\u0105 mieszka\u0142 w tym samym domu. On by\u0142 spokojniejszy, powolniejszy, pami\u0119tam, jak czasem stawa\u0142 i si\u0119 zastanawia\u0142, jak ugry\u015b\u0107 zadanie, po czym na g\u0142os, mrucz\u0105c, wymienia\u0142 jego etapy, zakr\u0119ty. Czasem cofa\u0142 si\u0119 w tym planowaniu, kiedy znajdowa\u0142 lepsze rozwi\u0105zanie.<\/p>\n\n\n\n<p>My\u015blenia uczy\u0142y mnie dyskusje z przyjaci\u00f3\u0142mi i kolegami. Szczeg\u00f3lnie z Krzy\u015bkiem, r\u00f3wie\u015bnikiem, prowadzili\u015bmy p\u00f3\u0142naukowe dyskusje, wzoruj\u0105c si\u0119 na programach naukowych i technicznych, tak ma\u0142o dost\u0119pnych w latach 80-tych. Czytali\u015bmy science fiction, tam g\u0142\u00f3wnie Lem opisywa\u0142 ca\u0142e toki rozumowania swoich bohater\u00f3w. My\u015blenia uczy\u0142y mnie studia techniczne, us\u0142ysza\u0142em o wa\u017cno\u015bci planowania, \u017ce strategia jest jeszcze czym\u015b innym, \u017ce d\u0105\u017cymy do efektywno\u015bci. <\/p>\n\n\n\n<p>Z biegiem lat przybywa\u0142o rzeczy, o kt\u00f3rych trzeba my\u015ble\u0107, \u017ceby codziennie \u017cy\u0107. Broni\u0119 si\u0119 ci\u0105gle przed zalewem drobnych codziennych problem\u00f3w, ale to walka nier\u00f3wna, bo nie ma wyj\u015bcia. Jedyne to szybciej podejmowa\u0107 wybory, kt\u00f3re ograniczaj\u0105 palet\u0119 wybor\u00f3w. To nasze czasy po 2000 roku pokaza\u0142y, \u017ce najwi\u0119kszym problemem nie jest dost\u0119pno\u015b\u0107 towar\u00f3w i us\u0142ug (a tak by\u0142o przed 30 lat mojego \u017cycia), tylko odpowiednie decyzje pozwalaj\u0105ce wybiera\u0107 i organizowa\u0107 dost\u0119pne \u015brodki. <\/p>\n\n\n\n<p>Nigdy jednak nie zdawa\u0142em sobie sprawy tak, jak teraz, jakim wysi\u0142kiem jest my\u015blenie. Nikt nie uczy\u0142 mnie jak odpoczywa\u0107. Jeszcze w czasach studenckich, kiedy zajmowa\u0142em si\u0119 szko\u0142\u0105  muzyczn\u0105, pisaniem tekst\u00f3w, organizowaniem \u017cycia spo\u0142eczno\u015bci m\u0142odzie\u017cowej, tworzeniem audycji radiowych, gra\u0142em na instrumencie, pisa\u0142em aran\u017ce, to wszystko robi\u0142em bez wiedzy, \u017ce trzeba odpocz\u0105\u0107. W ekstremalnych momentach nakazywa\u0142em sobie my\u015blenie podczas jazdy komunikacj\u0105 MPK: by\u0142o do zrobienia to i to, ja pracowa\u0142em w trakcie nawet kilkunastu minut jazdy &#8211; pami\u0119tam taki moment &#8211; stoj\u0119 na stopniach wysokiego Ikarusa, mi\u0119dzy przystankiem Plac Inwalid\u00f3w i Czarnowiejsk\u0105, i zmuszam si\u0119 do my\u015blenia. <\/p>\n\n\n\n<p>Pami\u0119tam domowe ma\u0142\u017ce\u0144skie awantury, rozgrywaj\u0105ce si\u0119 regularnie w sobot\u0119. Z baga\u017cem obwiniania siebie. Uspokaja\u0142em si\u0119 dopiero w niedziel\u0119 wieczorem, kiedy trzeba by\u0142o ju\u017c niestety my\u015ble\u0107 o pracy nast\u0119pnego dnia. Wszystko mi\u0119dzy nami by\u0142o w porz\u0105dku, to tylko zm\u0119czenie, skumulowane w ci\u0105gu tygodnia, uchodzi\u0142o od rana w sobot\u0119 &#8211; b\u00f3l cia\u0142a, zniecierpliwienie, niemo\u017cno\u015b\u0107 znalezienia sobie miejsca. <\/p>\n\n\n\n<p>Wyj\u0105tkiem by\u0142y wakacje. Po kilku tygodniach wolnych od regularnych zaj\u0119\u0107 m\u00f3j \u015bwiat si\u0119 zmienia\u0142 &#8211; nabiera\u0142 lekko\u015bci, \u015bwiat\u0142a, ciep\u0142a. Dzi\u015b pami\u0119tam jeden tydzie\u0144, podczas kt\u00f3rego odespa\u0142em zaleg\u0142o\u015bci &#8211; i \u015bwiat, kt\u00f3ry zobaczy\u0142em, by\u0142 zupe\u0142nie inny, ni\u017c ten na co dzie\u0144. To nie \u015bwiat by\u0142 inny, tylko ja si\u0119 wyspa\u0142em. <\/p>\n\n\n\n<p>Ostatnie wydarzenie, kt\u00f3re u\u015bwiadomi\u0142o mi, jak wa\u017cny jest odpoczynek, to okres pandemii. Przez kilka tygodni nie musia\u0142em je\u017adzi\u0107 do pracy. Wtedy przysi\u0105g\u0142em, \u017ce nie pozwol\u0119 si\u0119 wkr\u0119ci\u0107 w prac\u0119 bez przerw i odpoczynku, w ko\u0142owrotek, kt\u00f3rego obrot\u00f3w nie kontroluj\u0119. Czy to si\u0119 udaje? Nie bardzo. <\/p>\n","protected":false},"excerpt":{"rendered":"<p>Chyba nigdy wcze\u015bniej nie odczuwa\u0142em, \u017ce my\u015blenie m\u0119czy, a nawet boli. Lubi\u0119 my\u015ble\u0107, rozkminia\u0107, je\u015bli si\u0119 trafi temat \/ problem, kt\u00f3ry mnie interesuje, intryguje, rozkminiam go przez kolejne dni. Chyba robi\u0119 to automatycznie, to si\u0119 po prostu dzieje. Lubi\u0119 te\u017c wej\u015b\u0107 w nowy temat, jak np. zrealizowa\u0107 zakupy trzydziestu drobnych rzeczy w moim miejscu pracy. &hellip; <\/p>\n<p class=\"link-more\"><a href=\"http:\/\/niecodziennosc.kubic.info\/?p=9944\" class=\"more-link\">Czytaj dalej<span class=\"screen-reader-text\"> \u201eMy\u015blenie mo\u017ce bole\u0107\u201d<\/span><\/a><\/p>\n","protected":false},"author":1,"featured_media":0,"comment_status":"open","ping_status":"open","sticky":false,"template":"","format":"standard","meta":{"footnotes":""},"categories":[50,57],"tags":[327,638,870],"_links":{"self":[{"href":"http:\/\/niecodziennosc.kubic.info\/index.php?rest_route=\/wp\/v2\/posts\/9944"}],"collection":[{"href":"http:\/\/niecodziennosc.kubic.info\/index.php?rest_route=\/wp\/v2\/posts"}],"about":[{"href":"http:\/\/niecodziennosc.kubic.info\/index.php?rest_route=\/wp\/v2\/types\/post"}],"author":[{"embeddable":true,"href":"http:\/\/niecodziennosc.kubic.info\/index.php?rest_route=\/wp\/v2\/users\/1"}],"replies":[{"embeddable":true,"href":"http:\/\/niecodziennosc.kubic.info\/index.php?rest_route=%2Fwp%2Fv2%2Fcomments&post=9944"}],"version-history":[{"count":2,"href":"http:\/\/niecodziennosc.kubic.info\/index.php?rest_route=\/wp\/v2\/posts\/9944\/revisions"}],"predecessor-version":[{"id":9946,"href":"http:\/\/niecodziennosc.kubic.info\/index.php?rest_route=\/wp\/v2\/posts\/9944\/revisions\/9946"}],"wp:attachment":[{"href":"http:\/\/niecodziennosc.kubic.info\/index.php?rest_route=%2Fwp%2Fv2%2Fmedia&parent=9944"}],"wp:term":[{"taxonomy":"category","embeddable":true,"href":"http:\/\/niecodziennosc.kubic.info\/index.php?rest_route=%2Fwp%2Fv2%2Fcategories&post=9944"},{"taxonomy":"post_tag","embeddable":true,"href":"http:\/\/niecodziennosc.kubic.info\/index.php?rest_route=%2Fwp%2Fv2%2Ftags&post=9944"}],"curies":[{"name":"wp","href":"https:\/\/api.w.org\/{rel}","templated":true}]}}